{"id":3237,"date":"2025-12-18T14:45:31","date_gmt":"2025-12-18T17:45:31","guid":{"rendered":"https:\/\/cristalvoxnews.com.br\/?p=3237"},"modified":"2025-12-18T14:45:32","modified_gmt":"2025-12-18T17:45:32","slug":"bolsonaro-e-beneficiado-em-decisao-do-congresso","status":"publish","type":"post","link":"https:\/\/cristalvoxnews.com.br\/?p=3237","title":{"rendered":"Bolsonaro \u00e9 beneficiado em decis\u00e3o do Congresso"},"content":{"rendered":"\n<p><strong>Texto da &#8220;Lei da Dosimetria&#8221;  que beneficia condenados por tentativa de golpe de Estado passou por altera\u00e7\u00f5es na Casa e segue para san\u00e7\u00e3o presidencial. Governistas dizem que acionar\u00e3o a Justi\u00e7a contra decis\u00e3o.<\/strong><\/p>\n\n\n\n<p>O Senado aprovou nesta quarta-feira (17\/12), por&nbsp;48&nbsp;votos favor\u00e1veis,&nbsp;25&nbsp;contr\u00e1rios e um absten\u00e7\u00e3o, o&nbsp;<a href=\"https:\/\/www.dw.com\/pt-br\/c%C3%A2mara-aprova-pl-que-reduz-tempo-de-pris%C3%A3o-de-bolsonaro\/a-75082782\">PL da Dosimetria<\/a>. A proposta prev\u00ea a redu\u00e7\u00e3o de penas de centenas de condenados pelos atentados \u00e0 Pra\u00e7a dos Tr\u00eas Poderes em 8 de janeiro de 2023 e pela tentativa de golpe de Estado julgada pelo Supremo Tribunal Federal (STF).<\/p>\n\n\n\n<p>O texto aprovado em regime de urg\u00eancia&nbsp;<a href=\"https:\/\/www.dw.com\/pt-br\/ap%C3%B3s-apostar-no-endurecimento-penal-c%C3%A2mara-vai-na-contram%C3%A3o-para-beneficiar-bolsonaro\/a-75094272\">reduz as penas de condenados por atos golpistas<\/a>. Entre os beneficiados est\u00e1 o ex-presidente Jair Bolsonaro, condenado a 27 anos e tr\u00eas meses de pris\u00e3o pelo STF, como l\u00edder da trama golpista que tentou reverter o resultado das elei\u00e7\u00f5es de 2022 para se manter no poder. Atualmente ele cumpre pena na sede da Pol\u00edcia Federal (PF) em Bras\u00edlia.<\/p>\n\n\n\n<p>O texto agora segue para aprova\u00e7\u00e3o do presidente&nbsp;<a href=\"https:\/\/www.dw.com\/pt-br\/lula\/t-17432178\">Luiz In\u00e1cio Lula da Silva<\/a>&nbsp;(PT), que ainda pode vetar a proposta integral ou parcialmente.<\/p>\n\n\n\n<p>Mais cedo, a Comiss\u00e3o de Constitui\u00e7\u00e3o e Justi\u00e7a (CCJ) havia aprovado um substitutivo elaborado pelo senador Esperidi\u00e3o Amin (PP-SC), com apenas quatro horas para analisar o texto \u2013 normalmente pedidos de vista levam at\u00e9 cinco dias de aprecia\u00e7\u00e3o no colegiado.<\/p>\n\n\n\n<p>Amin acatou uma emenda ao texto para determinar que a redu\u00e7\u00e3o das penas seja aplicada&nbsp;<a href=\"https:\/\/www.dw.com\/pt-br\/bolsonaro-come%C3%A7a-a-cumprir-pena-o-que-acontece-agora\/a-74898393\">apenas aos condenados<\/a>&nbsp;pelos atos golpistas, retirando uma brecha que poderia favorecer condenados por crimes n\u00e3o relacionados ao 8 de janeiro.<\/p>\n\n\n\n<p>O senador considerou a emenda como apenas um ajuste de reda\u00e7\u00e3o e n\u00e3o de m\u00e9rito, para que, caso o projeto seja aprovado pelo plen\u00e1rio do Senado, n\u00e3o precise retornar \u00e0 C\u00e2mara dos Deputados, que aprovou a mat\u00e9ria na madrugada do dia 10 de dezembro.<\/p>\n\n\n\n<p>O l\u00edder da federa\u00e7\u00e3o PT, PCdoB e PV na C\u00e2mara dos Deputados, Lindbergh Farias (PT-RJ), disse em uma rede social que vai recorrer ao&nbsp;<a href=\"https:\/\/www.dw.com\/pt-br\/stf\/t-39374707\">Supremo Tribunal Federal<\/a>&nbsp;(STF) para que o texto seja novamente analisado pela C\u00e2mara.<\/p>\n\n\n\n<p>&#8220;A assessoria jur\u00eddica j\u00e1 est\u00e1 mobilizada. Se insistirem na manobra de dissimular emenda de m\u00e9rito como emenda de reda\u00e7\u00e3o, para impedir o retorno do projeto \u00e0 C\u00e2mara, vamos reagir. O objetivo \u00e9 claro: ganhar tempo, garantir o devido processo legislativo e levar o debate para o pr\u00f3ximo ano. Se avan\u00e7arem hoje, vamos acionar o STF ainda hoje&#8221;, disse Farias antes da vota\u00e7\u00e3o.<\/p>\n\n\n\n<p>Ao ser perguntado anteriormente sobre o projeto, Lula disse que s\u00f3 decidir\u00e1 sobre a san\u00e7\u00e3o quando o texto chegar ao Executivo.<\/p>\n\n\n\n<p>&#8220;N\u00e3o gosto de dar palpite numa coisa que n\u00e3o diz respeito ao Poder Executivo. \u00c9 uma coisa pertinente ao Poder Legislativo. Eles est\u00e3o discutindo. Tem gente que concorda, tem gente que n\u00e3o concorda&#8221;, disse Lula.<\/p>\n\n\n\n<p><\/p>\n","protected":false},"excerpt":{"rendered":"<p>Texto da &#8220;Lei da Dosimetria&#8221; que beneficia condenados por tentativa de golpe de Estado passou por altera\u00e7\u00f5es na Casa e segue para san\u00e7\u00e3o presidencial. Governistas dizem que acionar\u00e3o a Justi\u00e7a contra decis\u00e3o. O Senado aprovou nesta quarta-feira (17\/12), por&nbsp;48&nbsp;votos favor\u00e1veis,&nbsp;25&nbsp;contr\u00e1rios e um absten\u00e7\u00e3o, o&nbsp;PL da Dosimetria. A proposta prev\u00ea a [&hellip;]<\/p>\n","protected":false},"author":1,"featured_media":3238,"comment_status":"open","ping_status":"open","sticky":false,"template":"","format":"standard","meta":{"footnotes":""},"categories":[256],"tags":[318,814,813,815,282],"class_list":{"0":"post-3237","1":"post","2":"type-post","3":"status-publish","4":"format-standard","5":"has-post-thumbnail","7":"category-politica","8":"tag-bolsonaro","9":"tag-comissao-de-constituicao-e-justica","10":"tag-lei-da-dosimetria","11":"tag-senador-esperidiao-amin","12":"tag-stf"},"_links":{"self":[{"href":"https:\/\/cristalvoxnews.com.br\/index.php?rest_route=\/wp\/v2\/posts\/3237","targetHints":{"allow":["GET"]}}],"collection":[{"href":"https:\/\/cristalvoxnews.com.br\/index.php?rest_route=\/wp\/v2\/posts"}],"about":[{"href":"https:\/\/cristalvoxnews.com.br\/index.php?rest_route=\/wp\/v2\/types\/post"}],"author":[{"embeddable":true,"href":"https:\/\/cristalvoxnews.com.br\/index.php?rest_route=\/wp\/v2\/users\/1"}],"replies":[{"embeddable":true,"href":"https:\/\/cristalvoxnews.com.br\/index.php?rest_route=%2Fwp%2Fv2%2Fcomments&post=3237"}],"version-history":[{"count":1,"href":"https:\/\/cristalvoxnews.com.br\/index.php?rest_route=\/wp\/v2\/posts\/3237\/revisions"}],"predecessor-version":[{"id":3239,"href":"https:\/\/cristalvoxnews.com.br\/index.php?rest_route=\/wp\/v2\/posts\/3237\/revisions\/3239"}],"wp:featuredmedia":[{"embeddable":true,"href":"https:\/\/cristalvoxnews.com.br\/index.php?rest_route=\/wp\/v2\/media\/3238"}],"wp:attachment":[{"href":"https:\/\/cristalvoxnews.com.br\/index.php?rest_route=%2Fwp%2Fv2%2Fmedia&parent=3237"}],"wp:term":[{"taxonomy":"category","embeddable":true,"href":"https:\/\/cristalvoxnews.com.br\/index.php?rest_route=%2Fwp%2Fv2%2Fcategories&post=3237"},{"taxonomy":"post_tag","embeddable":true,"href":"https:\/\/cristalvoxnews.com.br\/index.php?rest_route=%2Fwp%2Fv2%2Ftags&post=3237"}],"curies":[{"name":"wp","href":"https:\/\/api.w.org\/{rel}","templated":true}]}}