{"id":3230,"date":"2025-12-18T14:32:14","date_gmt":"2025-12-18T17:32:14","guid":{"rendered":"https:\/\/cristalvoxnews.com.br\/?p=3230"},"modified":"2025-12-18T14:32:16","modified_gmt":"2025-12-18T17:32:16","slug":"boom-economico-a-promessa-de-trump-para-2026","status":"publish","type":"post","link":"https:\/\/cristalvoxnews.com.br\/?p=3230","title":{"rendered":"&#8220;Boom econ\u00f4mico&#8221; &#8211; A promessa de Trump para 2026"},"content":{"rendered":"\n<p><strong>Presidente dos EUA enaltece feitos de sua gest\u00e3o em meio a desempenho econ\u00f4mico ruim e alta dos pre\u00e7os. Em baixa nas pesquisas, republicano culpa Joe Biden e promete melhorias, temendo perder maioria no Congresso.<\/strong><\/p>\n\n\n\n<p><br>Em um raro pronunciamento noturno da Casa Branca&nbsp;nesta quarta-feira (17\/12), o presidente dos Estados Unidos,&nbsp;<a href=\"https:\/\/www.dw.com\/pt-br\/donald-trump\/t-19497683\">Donald Trump<\/a>, fez uma s\u00e9rie de elogios \u00e0 sua gest\u00e3o e atribuiu a culpa pelos problemas do pa\u00eds ao seu antecessor, enquanto seu partido se prepara para uma dif\u00edcil elei\u00e7\u00e3o de meio de mandato no pr\u00f3ximo ano.<\/p>\n\n\n\n<p>&#8220;H\u00e1 onze meses, herdei uma bagun\u00e7a e estou tendo que consertar&#8221;, disse Trump em um discurso proferido em ritmo surpreendentemente acelerado que durou pouco menos de 20 minutos.<\/p>\n\n\n\n<p>O republicano, que frequentemente se queixa de n\u00e3o receber o devido cr\u00e9dito por suas realiza\u00e7\u00f5es, ofereceu poucas solu\u00e7\u00f5es pol\u00edticas para lidar com os pre\u00e7os altos no pa\u00eds. Ao contr\u00e1rio, seu discurso, transmitido de uma sala enfeitada com decora\u00e7\u00e3o natalina, foi marcado por um forte tom de lam\u00fario.<\/p>\n\n\n\n<p>Ele culpou o democrata&nbsp;<a href=\"https:\/\/www.dw.com\/pt-br\/joe-biden\/t-56333371\">Joe Biden<\/a>, que o antecedeu no cargo, por uma suposta&nbsp;<a href=\"https:\/\/www.dw.com\/pt-br\/trump-oferece-pr%C3%AAmio-de-us-25-mil-a-crian%C3%A7as-imigrantes-que-deixarem-os-eua\/a-74236522\">invas\u00e3o de migrantes<\/a>&nbsp;, pela alta dos&nbsp;<a href=\"https:\/\/www.dw.com\/pt-br\/suspeito-de-matar-charlie-kirk-%C3%A9-preso-nos-eua\/a-73979487\">crimes violentos<\/a>&nbsp;, pelos direitos&nbsp;<a href=\"https:\/\/www.dw.com\/pt-br\/pent%C3%A1gono-inicia-expuls%C3%A3o-de-militares-transg%C3%AAneros\/a-72490791\">transg\u00eaneros<\/a>&nbsp;e por acordos comerciais anteriores, descrevendo o que chamou de um sistema corrupto.<\/p>\n\n\n\n<p>Trump criticou Biden por permitir que os Estados Unidos fossem &#8220;invadidos por um ex\u00e9rcito de 25 milh\u00f5es de pessoas&#8221; durante seu mandato \u2013 n\u00fameros que os republicanos utilizam desde meados de 2024, quando Trump estava em campanha presidencial, e que j\u00e1 foram amplamente desmentidos por verificadores de fatos.<\/p>\n\n\n\n<p>Estima-se que cerca de 7,4 milh\u00f5es de imigrantes indocumentados cruzaram ilegalmente a fronteira dos EUA durante o governo Biden. Se inclu\u00eddos os imigrantes irregulares que entraram no pa\u00eds atrav\u00e9s dos postos de controle legais, esse n\u00famero subiria para pouco mais de 10 milh\u00f5es de pessoas, de acordo com a emissora NBC e outros ve\u00edculos de imprensa americanos.<\/p>\n\n\n\n<h2 class=\"wp-block-heading\">Discurso oferece poucas solu\u00e7\u00f5es<\/h2>\n\n\n\n<p>Trump elogiou o trabalho de seu governo em 2025 em uma s\u00e9rie de quest\u00f5es, desde a diminui\u00e7\u00e3o das&nbsp;<a href=\"https:\/\/www.dw.com\/pt-br\/o-que-est%C3%A1-acontecendo-na-fronteira-dos-eua-com-o-m%C3%A9xico\/a-71401074\">travessias de fronteira<\/a>&nbsp;at\u00e9 a redu\u00e7\u00e3o dos pre\u00e7os de alguns produtos, e prometeu que o pa\u00eds estar\u00e1 mais forte no pr\u00f3ximo ano.<\/p>\n\n\n\n<p>O presidente destacou seus esfor\u00e7os para refor\u00e7ar a seguran\u00e7a na fronteira e mencionou&nbsp;<a href=\"https:\/\/www.dw.com\/pt-br\/ag%C3%AAncia-anti-imigra%C3%A7%C3%A3o-de-trump-acumula-den%C3%BAncias-de-abusos\/a-74702818\">deporta\u00e7\u00f5es em massa<\/a>, afirmando que seu governo estava removendo criminosos do pa\u00eds.<\/p>\n\n\n\n<p>Entre as poucas iniciativas pol\u00edticas mencionadas no discurso, Trump anunciou que seu governo enviaria um &#8220;dividendo aos guerreiros&#8221; de 1.776 d\u00f3lares (R$ 9,8 mil) para 1,45 milh\u00e3o de militares americanos na pr\u00f3xima semana. Ele tamb\u00e9m apoiou uma proposta republicana para enviar dinheiro diretamente \u00e0 popula\u00e7\u00e3o para compensar os custos dos seguros de sa\u00fade, em vez de fornecer subs\u00eddios por meio do&nbsp;<em>Affordable Care Act&nbsp;<\/em>(Lei de Acesso \u00e0 Sa\u00fade). Essa proposta, no entanto, ainda n\u00e3o recebeu apoio suficiente no Congresso.<\/p>\n\n\n\n<p>&#8220;Quero que o dinheiro v\u00e1 diretamente para as pessoas para que voc\u00eas possam pagar seu pr\u00f3prio plano de sa\u00fade&#8221;, disse Trump, afirmando que &#8220;os \u00fanicos perdedores ser\u00e3o as seguradoras.&#8221;<\/p>\n\n\n\n<p>De maneira surpreendente, ele dedicou pouco tempo a assuntos externos, tema que ocupou grande parte do primeiro ano de seu segundo mandato. O l\u00edder americano fez uma breve men\u00e7\u00e3o \u00e0 guerra na&nbsp;<a href=\"https:\/\/www.dw.com\/pt-br\/faixa-de-gaza\/t-49049913\">Faixa de Gaza<\/a>&nbsp;, mas n\u00e3o mencionou o&nbsp;<a href=\"https:\/\/www.dw.com\/pt-br\/eua-podem-desistir-de-paz-na-ucr%C3%A2nia-diz-filho-de-trump\/a-75052328\">conflito na Ucr\u00e2nia<\/a>&nbsp;ou as&nbsp;<a href=\"https:\/\/www.dw.com\/pt-br\/como-bloqueio-naval-de-trump-impacta-o-regime-de-maduro\/a-75210591\">tens\u00f5es envolvendo a Venezuela<\/a>&nbsp;.<\/p>\n\n\n\n<p>Fonte: Deutsche Welle<\/p>\n\n\n\n<p> <\/p>\n","protected":false},"excerpt":{"rendered":"<p>Presidente dos EUA enaltece feitos de sua gest\u00e3o em meio a desempenho econ\u00f4mico ruim e alta dos pre\u00e7os. Em baixa nas pesquisas, republicano culpa Joe Biden e promete melhorias, temendo perder maioria no Congresso. Em um raro pronunciamento noturno da Casa Branca&nbsp;nesta quarta-feira (17\/12), o presidente dos Estados Unidos,&nbsp;Donald Trump, [&hellip;]<\/p>\n","protected":false},"author":1,"featured_media":3232,"comment_status":"open","ping_status":"open","sticky":false,"template":"","format":"standard","meta":{"footnotes":""},"categories":[257],"tags":[809,464,372,811,810],"class_list":{"0":"post-3230","1":"post","2":"type-post","3":"status-publish","4":"format-standard","5":"has-post-thumbnail","7":"category-mundo","8":"tag-boom-economico","9":"tag-casa-branca","10":"tag-donald-trump","11":"tag-joe-biden","12":"tag-presidente-dos-eua"},"_links":{"self":[{"href":"https:\/\/cristalvoxnews.com.br\/index.php?rest_route=\/wp\/v2\/posts\/3230","targetHints":{"allow":["GET"]}}],"collection":[{"href":"https:\/\/cristalvoxnews.com.br\/index.php?rest_route=\/wp\/v2\/posts"}],"about":[{"href":"https:\/\/cristalvoxnews.com.br\/index.php?rest_route=\/wp\/v2\/types\/post"}],"author":[{"embeddable":true,"href":"https:\/\/cristalvoxnews.com.br\/index.php?rest_route=\/wp\/v2\/users\/1"}],"replies":[{"embeddable":true,"href":"https:\/\/cristalvoxnews.com.br\/index.php?rest_route=%2Fwp%2Fv2%2Fcomments&post=3230"}],"version-history":[{"count":1,"href":"https:\/\/cristalvoxnews.com.br\/index.php?rest_route=\/wp\/v2\/posts\/3230\/revisions"}],"predecessor-version":[{"id":3233,"href":"https:\/\/cristalvoxnews.com.br\/index.php?rest_route=\/wp\/v2\/posts\/3230\/revisions\/3233"}],"wp:featuredmedia":[{"embeddable":true,"href":"https:\/\/cristalvoxnews.com.br\/index.php?rest_route=\/wp\/v2\/media\/3232"}],"wp:attachment":[{"href":"https:\/\/cristalvoxnews.com.br\/index.php?rest_route=%2Fwp%2Fv2%2Fmedia&parent=3230"}],"wp:term":[{"taxonomy":"category","embeddable":true,"href":"https:\/\/cristalvoxnews.com.br\/index.php?rest_route=%2Fwp%2Fv2%2Fcategories&post=3230"},{"taxonomy":"post_tag","embeddable":true,"href":"https:\/\/cristalvoxnews.com.br\/index.php?rest_route=%2Fwp%2Fv2%2Ftags&post=3230"}],"curies":[{"name":"wp","href":"https:\/\/api.w.org\/{rel}","templated":true}]}}