{"id":3227,"date":"2025-12-18T14:24:29","date_gmt":"2025-12-18T17:24:29","guid":{"rendered":"https:\/\/cristalvoxnews.com.br\/?p=3227"},"modified":"2025-12-18T14:24:51","modified_gmt":"2025-12-18T17:24:51","slug":"fraudes-no-inss-pf-prende-02-da-previdencia","status":"publish","type":"post","link":"https:\/\/cristalvoxnews.com.br\/?p=3227","title":{"rendered":"Fraudes no INSS: PF prende 02 da Previd\u00eancia"},"content":{"rendered":"\n<p><strong>Nona fase da opera\u00e7\u00e3o contra esquema de fraudes contou com outros 15 mandados de pris\u00e3o, incluindo filhos do &#8220;Careca do INSS&#8221; e de ex-diretor; senador Weverton foi alvo de busca e apreens\u00e3o.<\/strong><\/p>\n\n\n\n<p>A&nbsp;<a href=\"https:\/\/www.dw.com\/pt-br\/pol%C3%ADcia-federal\/t-45290608\"><strong>Pol\u00edcia Federal (PF)<\/strong><\/a>&nbsp;conduziu nesta quinta-feira (18) uma nova fase da Opera\u00e7\u00e3o Sem Desconto, que investiga um&nbsp;<a href=\"https:\/\/www.dw.com\/pt-br\/como-funcionava-o-esquema-bilion%C3%A1rio-de-fraude-no-inss\/a-72333358\"><strong>esquema bilion\u00e1rio de descontos<\/strong><\/a>&nbsp;indevidos em aposentadorias e pens\u00f5es do Instituto Nacional do Seguro Social (INSS).<\/p>\n\n\n\n<p>O secret\u00e1rio-executivo do Minist\u00e9rio da Previd\u00eancia, Adroaldo Portal, n\u00famero dois da Previd\u00eancia do governo Luiz In\u00e1cio Lula da Silva, teve pris\u00e3o domiciliar decretada e foi afastado do cargo pelo ministro Wolney Queiroz.<\/p>\n\n\n\n<p>Jornalista com mais de 23 anos de atua\u00e7\u00e3o no Congresso, Portal trabalhou como chefe de gabinete de diversos parlamentares do PDT \u2013 incluindo o senador Weverton Rocha (PDT\u2011MA), que tamb\u00e9m foi alvo de mandado de busca e apreens\u00e3o nesta fase.<\/p>\n\n\n\n<p>A opera\u00e7\u00e3o desta quinta contou com 16 mandados de pris\u00e3o preventiva e cumpriu 52 mandados de busca e apreens\u00e3o autorizados pelo Supremo Tribunal Federal (STF), em seis estados e no Distrito Federal.<\/p>\n\n\n\n<p>As a\u00e7\u00f5es &#8220;visam aprofundar as investiga\u00e7\u00f5es da Opera\u00e7\u00e3o Sem Desconto e esclarecer a pr\u00e1tica dos crimes de inser\u00e7\u00e3o de dados falsos em sistemas oficiais, constitui\u00e7\u00e3o de organiza\u00e7\u00e3o criminosa, estelionato previdenci\u00e1rio e atos de oculta\u00e7\u00e3o e dilapida\u00e7\u00e3o patrimonial&#8221;, afirmou a PF, em nota.<\/p>\n\n\n\n<p>Tamb\u00e9m foram presos, dentre outros, Romeu Carvalho Antunes (filho de Ant\u00f4nio Carlos, o &#8220;Careca do INSS&#8221;) e \u00c9ric Fidelis (filho do ex-diretor de Benef\u00edcios do INSS, Andr\u00e9 Fidelis).<\/p>\n\n\n\n<p><strong>An\u00fancio<\/strong><\/p>\n\n\n\n<h2 class=\"wp-block-heading\">A opera\u00e7\u00e3o<\/h2>\n\n\n\n<p>A&nbsp;<a href=\"https:\/\/www.dw.com\/pt-br\/opera%C3%A7%C3%A3o-da-pf-e-da-cgu-investiga-fraude-bilion%C3%A1ria-no-inss\/a-72324376\"><strong>Opera\u00e7\u00e3o Sem Desconto<\/strong><\/a>&nbsp;come\u00e7ou em abril deste ano, quando j\u00e1 haviam sido identificados descontos irregulares cobrados sobre aposentadorias e pens\u00f5es de benefici\u00e1rios do INSS&nbsp;via associa\u00e7\u00f5es ou entidades fantasmas. Os mandados desta quinta integram a nona fase da opera\u00e7\u00e3o.<\/p>\n\n\n\n<p>Os investigadores apontam que a organiza\u00e7\u00e3o criminosa atuou entre 2019 e 2024 e pode ter causado desvios de at\u00e9 R$ 6,3 bilh\u00f5es. Esses recursos, obtidos mediante supostas &#8220;mensalidades associativas&#8221;, eram desviados para empresas de fachada, contas de terceiros e usados para aquisi\u00e7\u00e3o de bens de luxo, ocultando o dinheiro il\u00edcito.<\/p>\n\n\n\n<p>A PF relata pr\u00e1ticas de inser\u00e7\u00e3o de dados falsos em sistemas oficiais, constitui\u00e7\u00e3o de organiza\u00e7\u00e3o criminosa, estelionato previdenci\u00e1rio, al\u00e9m de oculta\u00e7\u00e3o e dilapida\u00e7\u00e3o patrimonial.<\/p>\n\n\n\n<p>A corpora\u00e7\u00e3o apontou a exist\u00eancia de um conluio entre as entidades&nbsp;investigadas para operar repasses a ex-diretores do INSS. Ao menos tr\u00eas ex-dirigentes do \u00f3rg\u00e3o teriam recebido mais de R$ 17 milh\u00f5es por meio de intermedi\u00e1rios: Virg\u00edlio Ant\u00f4nio, ex-procurador-geral,&nbsp;Andr\u00e9 Fid\u00e9lis, ex-diretor de Benef\u00edcios, e Alexandre Guimar\u00e3es, ex-diretor de Governan\u00e7a do INSS durante o governo Bolsonaro.<\/p>\n\n\n\n<p>A investiga\u00e7\u00e3o aponta que o esquema era operado por Antonio Carlos Antunes, conhecido como &#8220;Careca do INSS&#8221;. O lobista movimentou R$ 24,5 milh\u00f5es em cerca de 5 meses, e era procurador com &#8220;plenos poderes&#8221; para representar algumas das entidades. Pessoas e empresas ligadas a ele receberam ao menos R$ 48 milh\u00f5es das associa\u00e7\u00f5es suspeitas. Ele foi preso em setembro.<\/p>\n\n\n\n<p>Em novembro, o ex-presidente do INSS,&nbsp;<a href=\"https:\/\/www.dw.com\/pt-br\/ex-presidente-do-inss-alessandro-stefanutto-%C3%A9-preso-pela-pf\/a-74730495\"><strong>Alessandro Stefanutto<\/strong><\/a>&nbsp;, tamb\u00e9m teve pris\u00e3o decretada, ao lado de outros nove suspeitos.<\/p>\n\n\n\n<p><a href=\"https:\/\/www.facebook.com\/sharer\/sharer.php?u=https:\/\/p.dw.com\/p\/55dXS%3Fat_medium%3DSocialMedia%26at_campaign%3DFacebook%26at_share_source%3DSharingButton%26at_origin%3DWeb\" target=\"_blank\" rel=\"noreferrer noopener\"><\/a><a href=\"https:\/\/x.com\/intent\/tweet?source=webclient&amp;text=PF%20prende%20n%C3%BAmero%202%20da%20Previd%C3%AAncia%20por%20desvios%20do%20INSS+https:\/\/p.dw.com\/p\/55dXS%3Fat_medium%3DSocialMedia%26at_campaign%3DTwitter%26at_share_source%3DSharingButton%26at_origin%3DWeb\" target=\"_blank\" rel=\"noreferrer noopener\"><\/a><\/p>\n\n\n\n<p><a href=\"whatsapp:\/\/send?text=PF%20prende%20n%C3%BAmero%202%20da%20Previd%C3%AAncia%20por%20desvios%20do%20INSS%20-%20https:\/\/p.dw.com\/p\/55dXS%3Fat_medium%3DMessenger%26at_campaign%3DWhatsApp%26at_share_source%3DSharingButton%26at_origin%3DWeb\" target=\"_blank\" rel=\"noreferrer noopener\"><\/a><a href=\"mailto:?body=https:\/\/p.dw.com\/p\/55dXS%3Fat_medium%3DWebmails%26at_campaign%3DEmail%26at_share_source%3DSharingButton%26at_origin%3DWeb&amp;subject=PF%20prende%20n%C3%BAmero%202%20da%20Previd%C3%AAncia%20por%20desvios%20do%20INSS\" target=\"_blank\" rel=\"noreferrer noopener\"><\/a><a href=\"https:\/\/share.flipboard.com\/bookmarklet\/popout?v=2&amp;title=PF%20prende%20n%C3%BAmero%202%20da%20Previd%C3%AAncia%20por%20desvios%20do%20INSS&amp;url=https:\/\/p.dw.com\/p\/55dXS%3Fat_medium%3DSocialMedia%26at_campaign%3DFlipboard%26at_share_source%3DSharingButton%26at_origin%3DWeb\" target=\"_blank\" rel=\"noreferrer noopener\"><\/a><a href=\"https:\/\/www.linkedin.com\/shareArticle?mini=true&amp;url=https:\/\/p.dw.com\/p\/55dXS%3Fat_medium%3DSocialMedia%26at_campaign%3DLinkedIn%26at_share_source%3DSharingButton%26at_origin%3DWeb&amp;title=PF%20prende%20n%C3%BAmero%202%20da%20Previd%C3%AAncia%20por%20desvios%20do%20INSS&amp;source=DW.COM\" target=\"_blank\" rel=\"noreferrer noopener\"><\/a><a href=\"https:\/\/telegram.me\/share\/url?url=https:\/\/p.dw.com\/p\/55dXS%3Fat_medium%3DMessenger%26at_campaign%3DTelegram%26at_share_source%3DSharingButton%26at_origin%3DWeb&amp;text=PF%20prende%20n%C3%BAmero%202%20da%20Previd%C3%AAncia%20por%20desvios%20do%20INSS\" target=\"_blank\" rel=\"noreferrer noopener\"><\/a><a href=\"https:\/\/www.reddit.com\/submit?url=https:\/\/p.dw.com\/p\/55dXS%3Fat_medium%3DSocialMedia%26at_campaign%3DReddit%26at_share_source%3DSharingButton%26at_origin%3DWeb\" target=\"_blank\" rel=\"noreferrer noopener\"><\/a><a href=\"fb-messenger:\/\/share\/?link=https:\/\/p.dw.com\/p\/55dXS%3Fat_medium%3DMessenger%26at_campaign%3DFacebookMessenger%26at_share_source%3DSharingButton%26at_origin%3DWeb\" target=\"_blank\" rel=\"noreferrer noopener\"><\/a><a href=\"sms:?&amp;body=https:\/\/p.dw.com\/p\/55dXS%3Fat_medium%3DSMS%26at_campaign%3DSMS%26at_share_source%3DSharingButton%26at_origin%3DWeb\" target=\"_blank\" rel=\"noreferrer noopener\"><\/a><\/p>\n","protected":false},"excerpt":{"rendered":"<p>Nona fase da opera\u00e7\u00e3o contra esquema de fraudes contou com outros 15 mandados de pris\u00e3o, incluindo filhos do &#8220;Careca do INSS&#8221; e de ex-diretor; senador Weverton foi alvo de busca e apreens\u00e3o. A&nbsp;Pol\u00edcia Federal (PF)&nbsp;conduziu nesta quinta-feira (18) uma nova fase da Opera\u00e7\u00e3o Sem Desconto, que investiga um&nbsp;esquema bilion\u00e1rio de [&hellip;]<\/p>\n","protected":false},"author":1,"featured_media":3228,"comment_status":"open","ping_status":"open","sticky":false,"template":"","format":"standard","meta":{"footnotes":""},"categories":[256],"tags":[808,724,807,806],"class_list":{"0":"post-3227","1":"post","2":"type-post","3":"status-publish","4":"format-standard","5":"has-post-thumbnail","7":"category-politica","8":"tag-alexandre-guimaraes","9":"tag-careca-do-inss","10":"tag-eric-fidelis","11":"tag-romeu-carvalho-antunes"},"_links":{"self":[{"href":"https:\/\/cristalvoxnews.com.br\/index.php?rest_route=\/wp\/v2\/posts\/3227","targetHints":{"allow":["GET"]}}],"collection":[{"href":"https:\/\/cristalvoxnews.com.br\/index.php?rest_route=\/wp\/v2\/posts"}],"about":[{"href":"https:\/\/cristalvoxnews.com.br\/index.php?rest_route=\/wp\/v2\/types\/post"}],"author":[{"embeddable":true,"href":"https:\/\/cristalvoxnews.com.br\/index.php?rest_route=\/wp\/v2\/users\/1"}],"replies":[{"embeddable":true,"href":"https:\/\/cristalvoxnews.com.br\/index.php?rest_route=%2Fwp%2Fv2%2Fcomments&post=3227"}],"version-history":[{"count":1,"href":"https:\/\/cristalvoxnews.com.br\/index.php?rest_route=\/wp\/v2\/posts\/3227\/revisions"}],"predecessor-version":[{"id":3229,"href":"https:\/\/cristalvoxnews.com.br\/index.php?rest_route=\/wp\/v2\/posts\/3227\/revisions\/3229"}],"wp:featuredmedia":[{"embeddable":true,"href":"https:\/\/cristalvoxnews.com.br\/index.php?rest_route=\/wp\/v2\/media\/3228"}],"wp:attachment":[{"href":"https:\/\/cristalvoxnews.com.br\/index.php?rest_route=%2Fwp%2Fv2%2Fmedia&parent=3227"}],"wp:term":[{"taxonomy":"category","embeddable":true,"href":"https:\/\/cristalvoxnews.com.br\/index.php?rest_route=%2Fwp%2Fv2%2Fcategories&post=3227"},{"taxonomy":"post_tag","embeddable":true,"href":"https:\/\/cristalvoxnews.com.br\/index.php?rest_route=%2Fwp%2Fv2%2Ftags&post=3227"}],"curies":[{"name":"wp","href":"https:\/\/api.w.org\/{rel}","templated":true}]}}