{"id":3218,"date":"2025-12-18T13:40:52","date_gmt":"2025-12-18T16:40:52","guid":{"rendered":"https:\/\/cristalvoxnews.com.br\/?p=3218"},"modified":"2025-12-18T13:41:25","modified_gmt":"2025-12-18T16:41:25","slug":"o-cartao-de-natal-da-realeza-da-uk","status":"publish","type":"post","link":"https:\/\/cristalvoxnews.com.br\/?p=3218","title":{"rendered":"O Cart\u00e3o de Natal da Realeza da UK"},"content":{"rendered":"\n<p>O Pr\u00edncipe e a Princesa de Gales divulgaram um novo retrato de fam\u00edlia que estar\u00e1 presente no cart\u00e3o de Natal do casal para 2025.<\/p>\n\n\n\n<p>A imagem mostra William e Catherine sentados na grama exuberante, rodeados por narcisos da primavera, ao lado de seus filhos, o Pr\u00edncipe George, a Princesa Charlotte e o Pr\u00edncipe Louis.<\/p>\n\n\n\n<p>Uma publica\u00e7\u00e3o compartilhada pelo casal nas redes sociais diz: &#8220;Desejamos a todos um Feliz Natal.&#8221;<\/p>\n\n\n\n<p>A foto de fam\u00edlia foi tirada pelo fot\u00f3grafo Josh Shinner em Norfolk, em abril.<\/p>\n\n\n\n<p>\u00c9 uma imagem descontra\u00edda, que transmite a uni\u00e3o da fam\u00edlia.<\/p>\n\n\n\n<p>O pr\u00edncipe William falou sobre fazer as coisas de forma diferente, e isso transmite uma mensagem sobre uma abordagem informal \u00e0 realeza.<\/p>\n\n\n\n<p>\u00c9 uma vis\u00e3o millennial de uma monarquia com su\u00e9teres e sem gravata.<\/p>\n\n\n\n<p>O cart\u00e3o de Natal tamb\u00e9m marca mais um ano no retorno gradual de Catherine \u00e0 vida p\u00fablica, enquanto ela continua sua recupera\u00e7\u00e3o do c\u00e2ncer e do tratamento de quimioterapia. Aqui, ela demonstra a uni\u00e3o com sua fam\u00edlia.<\/p>\n\n\n\n<p>As fotos parecem ser da mesma sess\u00e3o fotogr\u00e1fica usada para registrar os anivers\u00e1rios de 12 anos de George e de 7 anos de Louis.<\/p>\n\n\n\n<p>No ano passado, o casal revelou um cart\u00e3o de Natal com um significado pessoal, usando uma imagem retirada do v\u00eddeo divulgado quando Catherine anunciou o fim de sua quimioterapia.<\/p>\n\n\n\n<p>Em janeiro, ela anunciou&nbsp;<a href=\"https:\/\/www.bbc.co.uk\/news\/articles\/cx2m8g2vp41o\">que estava em remiss\u00e3o do c\u00e2ncer<\/a>&nbsp;, fazendo um retorno emocionante ao hospital onde recebeu tratamento.<\/p>\n\n\n\n<p>Alguns meses depois, William e Catherine&nbsp;<a href=\"https:\/\/www.bbc.co.uk\/news\/articles\/c99p2kmmj91o\">celebraram seu 14\u00ba<\/a>&nbsp;anivers\u00e1rio de casamento durante uma visita oficial \u00e0 Ilha de Mull, na Esc\u00f3cia.<\/p>\n\n\n\n<p>E em agosto, o casal se preparava para se mudar para sua &#8220;casa definitiva&#8221; em Forest Lodge, Windsor.<\/p>\n\n\n\n<p>William e Catherine est\u00e3o passando as festas de fim de ano juntos e espera-se que se juntem ao Rei e ao restante da fam\u00edlia real em Sandringham, Norfolk, no dia de Natal.<\/p>\n\n\n\n<p>Fontye BBC<\/p>\n\n\n\n<p><\/p>\n","protected":false},"excerpt":{"rendered":"<p>O Pr\u00edncipe e a Princesa de Gales divulgaram um novo retrato de fam\u00edlia que estar\u00e1 presente no cart\u00e3o de Natal do casal para 2025. A imagem mostra William e Catherine sentados na grama exuberante, rodeados por narcisos da primavera, ao lado de seus filhos, o Pr\u00edncipe George, a Princesa Charlotte [&hellip;]<\/p>\n","protected":false},"author":1,"featured_media":3219,"comment_status":"open","ping_status":"open","sticky":false,"template":"","format":"standard","meta":{"footnotes":""},"categories":[263],"tags":[798,799,800,797],"class_list":{"0":"post-3218","1":"post","2":"type-post","3":"status-publish","4":"format-standard","5":"has-post-thumbnail","7":"category-sociedade","8":"tag-escocia","9":"tag-principe-george","10":"tag-principe-louis","11":"tag-william-e-catherine"},"_links":{"self":[{"href":"https:\/\/cristalvoxnews.com.br\/index.php?rest_route=\/wp\/v2\/posts\/3218","targetHints":{"allow":["GET"]}}],"collection":[{"href":"https:\/\/cristalvoxnews.com.br\/index.php?rest_route=\/wp\/v2\/posts"}],"about":[{"href":"https:\/\/cristalvoxnews.com.br\/index.php?rest_route=\/wp\/v2\/types\/post"}],"author":[{"embeddable":true,"href":"https:\/\/cristalvoxnews.com.br\/index.php?rest_route=\/wp\/v2\/users\/1"}],"replies":[{"embeddable":true,"href":"https:\/\/cristalvoxnews.com.br\/index.php?rest_route=%2Fwp%2Fv2%2Fcomments&post=3218"}],"version-history":[{"count":1,"href":"https:\/\/cristalvoxnews.com.br\/index.php?rest_route=\/wp\/v2\/posts\/3218\/revisions"}],"predecessor-version":[{"id":3220,"href":"https:\/\/cristalvoxnews.com.br\/index.php?rest_route=\/wp\/v2\/posts\/3218\/revisions\/3220"}],"wp:featuredmedia":[{"embeddable":true,"href":"https:\/\/cristalvoxnews.com.br\/index.php?rest_route=\/wp\/v2\/media\/3219"}],"wp:attachment":[{"href":"https:\/\/cristalvoxnews.com.br\/index.php?rest_route=%2Fwp%2Fv2%2Fmedia&parent=3218"}],"wp:term":[{"taxonomy":"category","embeddable":true,"href":"https:\/\/cristalvoxnews.com.br\/index.php?rest_route=%2Fwp%2Fv2%2Fcategories&post=3218"},{"taxonomy":"post_tag","embeddable":true,"href":"https:\/\/cristalvoxnews.com.br\/index.php?rest_route=%2Fwp%2Fv2%2Ftags&post=3218"}],"curies":[{"name":"wp","href":"https:\/\/api.w.org\/{rel}","templated":true}]}}