{"id":3212,"date":"2025-12-18T13:27:40","date_gmt":"2025-12-18T16:27:40","guid":{"rendered":"https:\/\/cristalvoxnews.com.br\/?p=3212"},"modified":"2025-12-18T13:41:28","modified_gmt":"2025-12-18T16:41:28","slug":"virada-do-ano-em-sao-paulo","status":"publish","type":"post","link":"https:\/\/cristalvoxnews.com.br\/?p=3212","title":{"rendered":"Virada do Ano em S\u00e3o Paulo"},"content":{"rendered":"\n<p><strong>Ainda d\u00e1 tempo: confira endere\u00e7os da cidade que preparam celebra\u00e7\u00f5es de diferentes perfis e valores para a chegada de 2026<\/strong><\/p>\n\n\n\n<p>O ano est\u00e1 chegando ao fim e, enquanto muitos aguardam a hora de arrumar as malas, nem todo mundo faz planos para sair da cidade. Entre aeroportos lotados, estradas congestionadas ou compromissos de trabalho, h\u00e1 quem opte por ficar em S\u00e3o Paulo na virada do ano.<\/p>\n\n\n\n<p>Para quem permanece ou visita a cidade, ainda d\u00e1 tempo de garantir uma experi\u00eancia de&nbsp;<strong>R\u00e9veillon<\/strong>. Ao que tudo indica, as celebra\u00e7\u00f5es para a&nbsp;<strong>chegada de 2026<\/strong>&nbsp;prometem ser tudo menos paradas na capital paulista, com uma agenda repleta de&nbsp;<strong>festas, jantares e experi\u00eancias<\/strong>.<\/p>\n\n\n\n<p>Essa experi\u00eancia \u00e9 realmente para quem gosta de investir no R\u00e9veillon. O&nbsp;<strong>Tivoli Mofarrej S\u00e3o Paulo<\/strong>&nbsp;realizar\u00e1 uma celebra\u00e7\u00e3o privada de R\u00e9veillon na&nbsp;<strong>Su\u00edte Presidencial<\/strong>&nbsp;do hotel, no 22\u00ba andar, que promete ser o Ano-Novo &#8220;mais caro da cidade&#8221;. A experi\u00eancia ser\u00e1 restrita a um grupo fechado e oferecida exclusivamente em formato de pacote.<\/p>\n\n\n\n<p>A virada acontecer\u00e1 dentro da pr\u00f3pria su\u00edte de 750 metros quadrados, com hospedagem para at\u00e9 oito h\u00f3spedes e ceia privativa para at\u00e9 dez convidados. O pacote inclui&nbsp;<strong>open bar premium&nbsp;<\/strong>com r\u00f3tulos internacionais,<strong>&nbsp;dois gar\u00e7ons exclusivos<\/strong>,<strong>&nbsp;servi\u00e7o de mordomia<\/strong>,&nbsp;<strong>DJ privativo&nbsp;<\/strong>por seis horas e<strong>&nbsp;ceia assinada pelo chef Olivier da Costa.<\/strong>&nbsp;Tamb\u00e9m est\u00e3o inclusos&nbsp;<strong>massagem no Anantara Spa<\/strong>, estacionamento com manobrista e check-out estendido at\u00e9 \u00e0s 18h do dia 1\u00ba de janeiro.<\/p>\n\n\n\n<p>No dia seguinte, os h\u00f3spedes receber\u00e3o caf\u00e9 da manh\u00e3 na su\u00edte, seguido de brunch.&nbsp;<strong>O pacote tem valor de R$ 150 mil<\/strong>&nbsp;e \u00e9 v\u00e1lido para o per\u00edodo de 31 de dezembro de 2025 a 1\u00ba de janeiro de 2026. Vale dizer que o&nbsp;<strong>Seen S\u00e3o Paulo<\/strong>, nos \u00faltimos andares do edif\u00edcio, tamb\u00e9m tem programa\u00e7\u00e3o para a virada, oferecendo desde&nbsp;<a href=\"https:\/\/seensp.com\/programacao\/\" target=\"_blank\" rel=\"noreferrer noopener\">pacotes com jantar e atra\u00e7\u00f5es<\/a>&nbsp;a partir de R$ 3.200 por pessoa, ou somente a festa da virada, com DJs e bebidas, a partir de R$ 1.900.<\/p>\n\n\n\n<p><strong>Tivoli Mofarrej S\u00e3o Paulo:<\/strong>&nbsp;Alameda Santos, 1437 \u2013 Jardins, S\u00e3o Paulo \u2013 SP \/&nbsp;<\/p>\n\n\n\n<p>Entre as op\u00e7\u00f5es para o per\u00edodo de festas, o Pal\u00e1cio Tangar\u00e1 oferece experi\u00eancias de R\u00e9veillon em formato de pacote com hospedagem de duas noites, entre 30 de dezembro e 1\u00ba de janeiro. Elas incluem&nbsp;<strong>ceia, festa ap\u00f3s o jantar, open bar, brunch de Ano-Novo<\/strong>&nbsp;e programa\u00e7\u00e3o para crian\u00e7as.<\/p>\n\n\n\n<p>O&nbsp;<strong>R\u00e9veillon Tangar\u00e1 Jean-Georges<\/strong>&nbsp;contar\u00e1 com<strong>&nbsp;ceia harmonizada&nbsp;<\/strong>em seis tempos, acompanhada de Champagne Ruinart, al\u00e9m de vinhos e destilados premium. Ap\u00f3s o jantar, os h\u00f3spedes participar\u00e3o da festa no Sal\u00e3o Cristal, com open bar completo e show da banda S.O.S.<\/p>\n\n\n\n<p>J\u00e1 o&nbsp;<strong>R\u00e9veillon Sal\u00e3o Cristal&nbsp;<\/strong>oferecer\u00e1<strong>&nbsp;ceia em formato buffet, open bar<\/strong>, al\u00e9m de banda e DJ durante a noite. No dia 1\u00ba de janeiro, um brunch especial ser\u00e1 servido no Pateo do Pal\u00e1cio.<\/p>\n\n\n\n<p>Os pacotes incluem hospedagem para duas pessoas, caf\u00e9 da manh\u00e3 no Tangar\u00e1 Jean-Georges e acesso ao Espa\u00e7o Kids. Os valores partem de<strong>&nbsp;R$ 17.251.<\/strong><\/p>\n\n\n\n<p>O&nbsp;<strong>Fasano S\u00e3o Paulo Itaim<\/strong>&nbsp;abriga uma unidade do restaurante Gero, que oferecer\u00e1 ceia e celebra\u00e7\u00e3o de virada. Sob comando do chef&nbsp;<strong>Lomanto Oliveira<\/strong>, o Gero Itaim ter\u00e1 uma&nbsp;<strong>ceia de R\u00e9veillon<\/strong>&nbsp;composta por amuse-bouche, couvert, antepasto, prato principal, sobremesa, bebidas n\u00e3o alco\u00f3licas e welcome champagne. O menu ser\u00e1 servido \u00e0s 20h, a partir&nbsp;<strong>R$ 1.200<\/strong>&nbsp;por pessoa (n\u00e3o inclui servi\u00e7os).<\/p>\n\n\n\n<p>Entre os itens aparecem salada de lagosta cozida em redu\u00e7\u00e3o de laranja e creme de am\u00eandoas; ravioli de alcachofra com queijo provola defumado e rag\u00f9 de camar\u00e3o; Wagyu, manteiga trufada e mil folhas de batata; e mousse de avel\u00e3 finalizada com mascarpone e redu\u00e7\u00e3o de frutas amarelas.<\/p>\n\n\n\n<p>Al\u00e9m da ceia, haver\u00e1 uma&nbsp;<strong>celebra\u00e7\u00e3o no rooftop<\/strong>&nbsp;do hotel das 23h \u00e0s 3h com bebidas e menu finger food, al\u00e9m dos DJs Yuri e Pach\u00ea. Clientes podem optar apenas pela celebra\u00e7\u00e3o, no valor de&nbsp;<strong>R$ 1.600<\/strong>&nbsp;por pessoa (n\u00e3o inclui servi\u00e7os), ou pela&nbsp;<strong>Ceia com Celebra\u00e7\u00e3o,<\/strong>&nbsp;por&nbsp;<strong>R$ 2.700<\/strong>&nbsp;por pessoa (n\u00e3o inclui servi\u00e7os). Em ambos est\u00e3o inclusos finger foods, coquet\u00e9is cl\u00e1ssicos, bebidas n\u00e3o alco\u00f3licas, cerveja, vinho branco e tinto, espumante e u\u00edsque.<\/p>\n\n\n\n<p><strong>Fasano Itaim<\/strong>: Rua Pedroso Alvarenga, 706 \u2013 Itaim Bibi, S\u00e3o Paulo<\/p>\n\n\n\n<p>O&nbsp;<strong>Hilton S\u00e3o Paulo Morumbi<\/strong>&nbsp;realizar\u00e1 uma&nbsp;<strong>festa de R\u00e9veillon<\/strong>&nbsp;no Sal\u00e3o Moema, com ceia em formato de buffet, open bar e programa\u00e7\u00e3o musical ao vivo. A experi\u00eancia estar\u00e1 dispon\u00edvel por meio de&nbsp;<strong>pacote que inclui hospedagem<\/strong>&nbsp;na noite de 31 de dezembro para 1\u00ba de janeiro.<\/p>\n\n\n\n<p>O jantar contar\u00e1 com buffet completo, com pratos principais como beef Wellington, carr\u00e9 de cordeiro e lagosta ao molho de espumante, al\u00e9m de uma esta\u00e7\u00e3o de frutos do mar e ilhas de sobremesas. O&nbsp;<strong>open bar ser\u00e1 premium<\/strong>, com esta\u00e7\u00e3o de gim, caipirinhas, u\u00edsque, bebidas n\u00e3o alco\u00f3licas e op\u00e7\u00f5es para o p\u00fablico infantil.<\/p>\n\n\n\n<p>A programa\u00e7\u00e3o musical incluir\u00e1 apresenta\u00e7\u00f5es do trio de jazz Mister Holland e Dri Vallejo, al\u00e9m de discotecagem da DJ Danni Olivetti.<\/p>\n\n\n\n<p>No dia 1\u00ba de janeiro,&nbsp;<strong>o hotel tamb\u00e9m oferecer\u00e1 brunch especial de Ano-Novo<\/strong>, com menu focado em sabores brasileiros, incluindo pratos com pirarucu e&nbsp;<a href=\"https:\/\/www.cnnbrasil.com.br\/viagemegastronomia\/gastronomia\/sao-paulo-ganha-novas-rotas-dedicadas-ao-queijo-artesanal\/\" target=\"_blank\" rel=\"noreferrer noopener\">queijos da rota paulista<\/a>&nbsp;&#8211; esta op\u00e7\u00e3o contempla tamb\u00e9m n\u00e3o h\u00f3spedes.<\/p>\n\n\n\n<p><strong>Hilton S\u00e3o Paulo Morumbi<\/strong>: Avenida das Na\u00e7\u00f5es Unidas, 12.901 \u2013 Torre Leste \u2013 Brooklin Novo, S\u00e3o Paulo \u2013 SP<\/p>\n\n\n\n<p>Leia mat\u00e9ria completa no link<\/p>\n\n\n\n<figure class=\"wp-block-embed\"><div class=\"wp-block-embed__wrapper\">\nhttps:\/\/www.cnnbrasil.com.br\/viagemegastronomia\/viagem\/reveillon-em-sao-paulo-festas-restaurantes-e-hoteis-para-a-virada-do-ano\/#google_vignette\n<\/div><\/figure>\n","protected":false},"excerpt":{"rendered":"<p>Ainda d\u00e1 tempo: confira endere\u00e7os da cidade que preparam celebra\u00e7\u00f5es de diferentes perfis e valores para a chegada de 2026 O ano est\u00e1 chegando ao fim e, enquanto muitos aguardam a hora de arrumar as malas, nem todo mundo faz planos para sair da cidade. Entre aeroportos lotados, estradas congestionadas [&hellip;]<\/p>\n","protected":false},"author":1,"featured_media":3213,"comment_status":"open","ping_status":"open","sticky":false,"template":"","format":"standard","meta":{"footnotes":""},"categories":[263],"tags":[791,787,790,789,527,788],"class_list":{"0":"post-3212","1":"post","2":"type-post","3":"status-publish","4":"format-standard","5":"has-post-thumbnail","7":"category-sociedade","8":"tag-fasano-sao-paulo","9":"tag-revellion","10":"tag-revellion-salao-cristal","11":"tag-revellion-tangara-jean-georges","12":"tag-sao-paulo","13":"tag-tivoli-monfarrej"},"_links":{"self":[{"href":"https:\/\/cristalvoxnews.com.br\/index.php?rest_route=\/wp\/v2\/posts\/3212","targetHints":{"allow":["GET"]}}],"collection":[{"href":"https:\/\/cristalvoxnews.com.br\/index.php?rest_route=\/wp\/v2\/posts"}],"about":[{"href":"https:\/\/cristalvoxnews.com.br\/index.php?rest_route=\/wp\/v2\/types\/post"}],"author":[{"embeddable":true,"href":"https:\/\/cristalvoxnews.com.br\/index.php?rest_route=\/wp\/v2\/users\/1"}],"replies":[{"embeddable":true,"href":"https:\/\/cristalvoxnews.com.br\/index.php?rest_route=%2Fwp%2Fv2%2Fcomments&post=3212"}],"version-history":[{"count":1,"href":"https:\/\/cristalvoxnews.com.br\/index.php?rest_route=\/wp\/v2\/posts\/3212\/revisions"}],"predecessor-version":[{"id":3214,"href":"https:\/\/cristalvoxnews.com.br\/index.php?rest_route=\/wp\/v2\/posts\/3212\/revisions\/3214"}],"wp:featuredmedia":[{"embeddable":true,"href":"https:\/\/cristalvoxnews.com.br\/index.php?rest_route=\/wp\/v2\/media\/3213"}],"wp:attachment":[{"href":"https:\/\/cristalvoxnews.com.br\/index.php?rest_route=%2Fwp%2Fv2%2Fmedia&parent=3212"}],"wp:term":[{"taxonomy":"category","embeddable":true,"href":"https:\/\/cristalvoxnews.com.br\/index.php?rest_route=%2Fwp%2Fv2%2Fcategories&post=3212"},{"taxonomy":"post_tag","embeddable":true,"href":"https:\/\/cristalvoxnews.com.br\/index.php?rest_route=%2Fwp%2Fv2%2Ftags&post=3212"}],"curies":[{"name":"wp","href":"https:\/\/api.w.org\/{rel}","templated":true}]}}