{"id":3200,"date":"2025-12-11T15:53:25","date_gmt":"2025-12-11T18:53:25","guid":{"rendered":"https:\/\/cristalvoxnews.com.br\/?p=3200"},"modified":"2025-12-11T15:53:26","modified_gmt":"2025-12-11T18:53:26","slug":"brasil-aposta-em-tecnologia-para-um-futuro-sustentavel","status":"publish","type":"post","link":"https:\/\/cristalvoxnews.com.br\/?p=3200","title":{"rendered":"Brasil aposta em tecnologia para um futuro sustent\u00e1vel"},"content":{"rendered":"\n<p><a href=\"https:\/\/www.cnnbrasil.com.br\/autor\/brands\/\">Brands<\/a><strong><\/strong><\/p>\n\n\n\n<p>O Brasil ainda enfrenta o desafio de transformar seu potencial criativo em inova\u00e7\u00e3o estruturada. Segundo o&nbsp;<a href=\"https:\/\/www.wipo.int\/en\/web\/global-innovation-index\" target=\"_blank\" rel=\"noreferrer noopener\">\u00cdndice Global de Inova\u00e7\u00e3o<\/a>&nbsp;2025, o pa\u00eds ocupa a 52\u00aa posi\u00e7\u00e3o entre 139 economias e investe apenas 1,19% do PIB em pesquisa e desenvolvimento \u2014 metade da m\u00e9dia mundial.<\/p>\n\n\n\n<p>Para impulsionar a inova\u00e7\u00e3o nacional e contribuir para a constru\u00e7\u00e3o de uma rede que potencialize a ind\u00fastria verde e digital, surge a&nbsp;<a href=\"https:\/\/jornadanacionaldeinovacao.com.br\/\" target=\"_blank\" rel=\"noreferrer noopener\">Jornada Nacional de Inova\u00e7\u00e3o da Ind\u00fastria<\/a>&nbsp;\u2014 iniciativa itinerante da Confedera\u00e7\u00e3o Nacional da Ind\u00fastria (CNI), em parceria com o Sebrae, que percorre o pa\u00eds desde julho de 2025 at\u00e9 mar\u00e7o de 2026.<\/p>\n\n\n\n<p>O projeto passa pelas cinco regi\u00f5es do Brasil para mapear e conectar iniciativas de inova\u00e7\u00e3o com identidade regional, promovendo o di\u00e1logo entre ind\u00fastrias, startups \u2014 especialmente as chamadas deep techs, que desenvolvem tecnologias baseadas em pesquisa cient\u00edfica e de alto impacto \u2014, institui\u00e7\u00f5es de ci\u00eancia e tecnologia (ICTs) e governos locais.<br>O objetivo \u00e9n\u00e3o s\u00f3 mapear o ecossistema nacional de inova\u00e7\u00e3o, como tamb\u00e9m identificar demandas do setor e consolidar propostas para impulsionar a transi\u00e7\u00e3o ecol\u00f3gica e digital da ind\u00fastria brasileira.<\/p>\n\n\n\n<h3 class=\"wp-block-heading\"><strong>Inova\u00e7\u00e3o com sotaque brasileiro<\/strong><\/h3>\n\n\n\n<p>Em cada parada da Jornada, a inova\u00e7\u00e3o ganha rostos e sotaques diferentes.<br>No Nordeste, surgem solu\u00e7\u00f5es em energia limpa e economia circular. Na Amaz\u00f4nia, tecnologias inspiradas na&nbsp;<a href=\"https:\/\/www.cnnbrasil.com.br\/tudo-sobre\/biodiversidade\/\" target=\"_blank\" rel=\"noreferrer noopener\">biodiversidade<\/a>&nbsp;impulsionam a bioeconomia. No Sul e Sudeste, digitaliza\u00e7\u00e3o e automa\u00e7\u00e3o avan\u00e7am com o apoio de startups e institutos de pesquisa.<\/p>\n\n\n\n<p>Mais do que reunir boas ideias, o projeto busca descentralizar o debate sobre inova\u00e7\u00e3o, levando-o para fora dos grandes centros e valorizando o potencial de cada territ\u00f3rio.<\/p>\n\n\n\n<h3 class=\"wp-block-heading\"><strong>Um pa\u00eds conectado pelo conhecimento<\/strong><\/h3>\n\n\n\n<p>A Jornada \u00e9, principalmente, um exerc\u00edcio de escuta. Em cada etapa, especialistas, empres\u00e1rios, pesquisadores e representantes do poder p\u00fablico compartilham experi\u00eancias e constroem parcerias que unem ci\u00eancia, mercado e sustentabilidade.<\/p>\n\n\n\n<p>Os resultados do percurso \u2014 as inova\u00e7\u00f5es mapeadas e os desafios identificados \u2014 ser\u00e3o apresentados no 11\u00ba Congresso Brasileiro de Inova\u00e7\u00e3o da Ind\u00fastria, em mar\u00e7o de 2026. A expectativa \u00e9 consolidar uma rede nacional de mobiliza\u00e7\u00e3o entre oferta e demanda tecnol\u00f3gica, capaz de acelerar a transi\u00e7\u00e3o verde e digital.<\/p>\n\n\n\n<h3 class=\"wp-block-heading\"><strong>Resultados que come\u00e7am a aparecer<\/strong><\/h3>\n\n\n\n<p>Mesmo em andamento, a Jornada j\u00e1 mostra seus primeiros efeitos.<br>As etapas realizadas at\u00e9 aqui t\u00eam reunido centenas de empreendedores, pesquisadores e gestores p\u00fablicos em torno de um mesmo prop\u00f3sito: fortalecer a inova\u00e7\u00e3o como eixo do desenvolvimento sustent\u00e1vel.<\/p>\n\n\n\n<p>Nas regi\u00f5es por onde passou, o projeto vem mapeando solu\u00e7\u00f5es com potencial real de aplica\u00e7\u00e3o industrial, como tecnologias para economia de energia, uso de biomateriais, digitaliza\u00e7\u00e3o de processos e reaproveitamento de res\u00edduos. Cada encontro amplia a rede de coopera\u00e7\u00e3o entre empresas e centros de pesquisa, criando pontes entre desafios regionais e oportunidades de mercado.<\/p>\n\n\n\n<h3 class=\"wp-block-heading\"><strong>O desafio da transi\u00e7\u00e3o verde e digital<\/strong><\/h3>\n\n\n\n<p>A transi\u00e7\u00e3o ecol\u00f3gica e digital \u00e9 hoje um dos principais vetores de competitividade global. No Brasil, o desafio est\u00e1 em garantir que essa transforma\u00e7\u00e3o ocorra de forma inclusiva, regional e sustent\u00e1vel \u2014 conectando o pa\u00eds \u00e0s novas fronteiras tecnol\u00f3gicas sem deixar ningu\u00e9m para tr\u00e1s.<\/p>\n\n\n\n<p>\u00c9 nesse contexto que a&nbsp;<a href=\"https:\/\/cni.portaldaindustria.com.br\/\" target=\"_blank\" rel=\"noreferrer noopener\">CNI<\/a>&nbsp;e o Sebrae atuam como articuladores: promovendo coopera\u00e7\u00e3o entre empresas, universidades, startups e governos, e incentivando pol\u00edticas p\u00fablicas de longo prazo que estimulem a inova\u00e7\u00e3o, a produtividade e a sustentabilidade.<\/p>\n\n\n\n<h3 class=\"wp-block-heading\"><strong>Um movimento de futuro<\/strong><\/h3>\n\n\n\n<p>Mais do que um roteiro de eventos, a Jornada \u00e9 um movimento nacional pela inova\u00e7\u00e3o.<br>Ela revela talentos, une saberes e mostra que o futuro da ind\u00fastria brasileira depende da capacidade de integrar conhecimento, tecnologia e sustentabilidade.<\/p>\n\n\n\n<p>Ao longo do caminho, a mensagem \u00e9 clara: a inova\u00e7\u00e3o n\u00e3o est\u00e1 concentrada em um \u00fanico lugar \u2014 ela est\u00e1 espalhada pelo pa\u00eds, em cada ideia capaz de transformar a realidade. O futuro da ind\u00fastria verde e digital come\u00e7a agora \u2014 e ele nasce em cada canto do Brasil.<\/p>\n","protected":false},"excerpt":{"rendered":"<p>Brands O Brasil ainda enfrenta o desafio de transformar seu potencial criativo em inova\u00e7\u00e3o estruturada. Segundo o&nbsp;\u00cdndice Global de Inova\u00e7\u00e3o&nbsp;2025, o pa\u00eds ocupa a 52\u00aa posi\u00e7\u00e3o entre 139 economias e investe apenas 1,19% do PIB em pesquisa e desenvolvimento \u2014 metade da m\u00e9dia mundial. Para impulsionar a inova\u00e7\u00e3o nacional e [&hellip;]<\/p>\n","protected":false},"author":1,"featured_media":3201,"comment_status":"open","ping_status":"open","sticky":false,"template":"","format":"standard","meta":{"footnotes":""},"categories":[258],"tags":[277,778,777],"class_list":{"0":"post-3200","1":"post","2":"type-post","3":"status-publish","4":"format-standard","5":"has-post-thumbnail","7":"category-brasil","8":"tag-brasil","9":"tag-energia-limpa","10":"tag-energia-sustentavel"},"_links":{"self":[{"href":"https:\/\/cristalvoxnews.com.br\/index.php?rest_route=\/wp\/v2\/posts\/3200","targetHints":{"allow":["GET"]}}],"collection":[{"href":"https:\/\/cristalvoxnews.com.br\/index.php?rest_route=\/wp\/v2\/posts"}],"about":[{"href":"https:\/\/cristalvoxnews.com.br\/index.php?rest_route=\/wp\/v2\/types\/post"}],"author":[{"embeddable":true,"href":"https:\/\/cristalvoxnews.com.br\/index.php?rest_route=\/wp\/v2\/users\/1"}],"replies":[{"embeddable":true,"href":"https:\/\/cristalvoxnews.com.br\/index.php?rest_route=%2Fwp%2Fv2%2Fcomments&post=3200"}],"version-history":[{"count":1,"href":"https:\/\/cristalvoxnews.com.br\/index.php?rest_route=\/wp\/v2\/posts\/3200\/revisions"}],"predecessor-version":[{"id":3202,"href":"https:\/\/cristalvoxnews.com.br\/index.php?rest_route=\/wp\/v2\/posts\/3200\/revisions\/3202"}],"wp:featuredmedia":[{"embeddable":true,"href":"https:\/\/cristalvoxnews.com.br\/index.php?rest_route=\/wp\/v2\/media\/3201"}],"wp:attachment":[{"href":"https:\/\/cristalvoxnews.com.br\/index.php?rest_route=%2Fwp%2Fv2%2Fmedia&parent=3200"}],"wp:term":[{"taxonomy":"category","embeddable":true,"href":"https:\/\/cristalvoxnews.com.br\/index.php?rest_route=%2Fwp%2Fv2%2Fcategories&post=3200"},{"taxonomy":"post_tag","embeddable":true,"href":"https:\/\/cristalvoxnews.com.br\/index.php?rest_route=%2Fwp%2Fv2%2Ftags&post=3200"}],"curies":[{"name":"wp","href":"https:\/\/api.w.org\/{rel}","templated":true}]}}