{"id":3197,"date":"2025-12-11T15:51:01","date_gmt":"2025-12-11T18:51:01","guid":{"rendered":"https:\/\/cristalvoxnews.com.br\/?p=3197"},"modified":"2025-12-11T15:58:50","modified_gmt":"2025-12-11T18:58:50","slug":"brasil-esta-entre-paises-afetados-por-aumento-de-tarifas-do-mexico","status":"publish","type":"post","link":"https:\/\/cristalvoxnews.com.br\/?p=3197","title":{"rendered":"Brasil est\u00e1 entre pa\u00edses afetados por aumento de tarifas do M\u00e9xico"},"content":{"rendered":"\n<h2 class=\"wp-block-heading\"><strong>Proposta, que visa impulsionar a ind\u00fastria local e estabelece tarifas de importa\u00e7\u00e3o para pa\u00edses com os quais o M\u00e9xico n\u00e3o possui acordo de livre com\u00e9rcio, mostra que maioria dos produtos ter\u00e1 tarifas de at\u00e9 35%<\/strong><\/h2>\n\n\n\n<p>Reuters*<\/p>\n\n\n\n<p>O Senado do M\u00e9xico aprovou na quarta-feira (10) aumentos tarif\u00e1rios no pr\u00f3ximo ano sobre importa\u00e7\u00f5es da China e de v\u00e1rios outros pa\u00edses, incluindo o Brasil.<\/p>\n\n\n\n<p>O pa\u00eds alega que visa impulsionar a ind\u00fastria local e estabelece<a href=\"https:\/\/www.cnnbrasil.com.br\/economia\/congresso-do-mexico-aprova-aumento-de-tarifas-sobre-a-china-e-outros-paises\/\" target=\"_blank\" rel=\"noreferrer noopener\">&nbsp;tarifas de importa\u00e7\u00e3o para pa\u00edses com os quais o M\u00e9xico n\u00e3o possui acordo de livre com\u00e9rcio<\/a>, incluindo, al\u00e9m da China e do Brasil, Coreia do Sul, \u00cdndia, Vietn\u00e3, Tail\u00e2ndia, Indon\u00e9sia, Taiwan, Nicar\u00e1gua, Emirados \u00c1rabes Unidos e \u00c1frica do Sul.<\/p>\n\n\n\n<p>A proposta, aprovada anteriormente pela C\u00e2mara dos Deputados, aumentar\u00e1 ou vai impor novas tarifas de at\u00e9 50% a partir de 2026 sobre certos produtos, como autom\u00f3veis, autope\u00e7as, t\u00eaxteis, vestu\u00e1rio, pl\u00e1sticos e a\u00e7o. A maioria dos produtos ter\u00e1 tarifas de at\u00e9 35%.<\/p>\n\n\n\n<p>O Senado aprovou o projeto de lei com 76 votos a favor, 5 contra e 35 absten\u00e7\u00f5es. O projeto aprovado \u00e9 mais brando do que um que foi barrado na C\u00e2mara dos Deputados anteriormente, com tarifas sobre cerca de 1.400 linhas de produtos diferentes \u2013 principalmente t\u00eaxteis, vestu\u00e1rio, a\u00e7o, autope\u00e7as, pl\u00e1sticos e cal\u00e7ados \u2013 e tarifas reduzidas em aproximadamente dois ter\u00e7os deles em compara\u00e7\u00e3o com a proposta original.<\/p>\n\n\n\n<h2 class=\"wp-block-heading\">China critica medida<\/h2>\n\n\n\n<p>O Minist\u00e9rio do Com\u00e9rcio da China respondeu nesta quinta-feira (11), afirmando que acompanhar\u00e1 o novo regime tarif\u00e1rio do M\u00e9xico e avaliar\u00e1 o impacto, mas alertou que tais medidas &#8220;prejudicar\u00e3o substancialmente&#8221; os interesses do com\u00e9rcio.<\/p>\n\n\n\n<p>&#8220;A China sempre se op\u00f4s a todas as formas de aumento unilateral de tarifas e espera que o M\u00e9xico corrija essas pr\u00e1ticas unilateralistas e protecionistas o mais r\u00e1pido poss\u00edvel&#8221;, declarou o Minist\u00e9rio do Com\u00e9rcio.<\/p>\n\n\n\n<p>Questionado em uma coletiva de imprensa, um porta-voz do Minist\u00e9rio das Rela\u00e7\u00f5es Exteriores da China afirmou que &#8220;ir contra a corrente da globaliza\u00e7\u00e3o econ\u00f4mica, buscando o protecionismo, \u00e9 prejudicial aos outros e n\u00e3o beneficia a si mesmo&#8221;.<\/p>\n\n\n\n<p>Analistas e o setor privado afirmam que a medida visa apaziguar a rela\u00e7\u00e3o com os EUA antes da pr\u00f3xima revis\u00e3o do acordo de livre com\u00e9rcio com o M\u00e9xico e o Canad\u00e1 (o USMCA) e que tamb\u00e9m pretende gerar US$ 3,76 bilh\u00f5es em receita adicional no pr\u00f3ximo ano, \u00e0 medida que o M\u00e9xico busca reduzir d\u00e9ficit fiscal.<\/p>\n\n\n\n<p>&#8220;Por um lado, protege certos setores produtivos locais que est\u00e3o em desvantagem em rela\u00e7\u00e3o aos produtos chineses. Tamb\u00e9m protege empregos&#8221;, disse Mario V\u00e1zquez, senador pelo partido de oposi\u00e7\u00e3o PAN.<\/p>\n\n\n\n<p>Mas, por outro lado, &#8220;a tarifa \u00e9 um imposto adicional que os cidad\u00e3os pagam ao comprar um produto. E esses s\u00e3o recursos que v\u00e3o para o Estado. Precisar\u00edamos saber para que ser\u00e3o usados. Esperamos que as cadeias produtivas do pa\u00eds sejam fortalecidas&#8221;, disse V\u00e1zquez.<\/p>\n\n\n\n<h2 class=\"wp-block-heading\">Press\u00e3o dos EUA sobre a Am\u00e9rica Latina<\/h2>\n\n\n\n<p>Emmanuel Reyes, senador pelo partido Morena, defendeu a medida.<\/p>\n\n\n\n<p>&#8220;Esses ajustes impulsionar\u00e3o os produtos mexicanos nas cadeias de suprimentos globais e proteger\u00e3o empregos em setores-chave&#8221;, afirmou Reyes, que preside a Comiss\u00e3o de Economia do Senado.<\/p>\n\n\n\n<p>&#8220;Esta n\u00e3o \u00e9 apenas uma ferramenta para arrecadar receita, mas sim um meio de orientar a pol\u00edtica econ\u00f4mica e comercial em prol do bem-estar geral&#8221;, continuou.<\/p>\n\n\n\n<p>Em setembro, o M\u00e9xico anunciou que aumentaria as tarifas sobre autom\u00f3veis e outros produtos provenientes da China e de outros pa\u00edses asi\u00e1ticos. Os Estados Unidos t\u00eam pressionado os pa\u00edses da Am\u00e9rica Latina a limitarem la\u00e7os econ\u00f4micos com a China, com quem disputam influ\u00eancia na regi\u00e3o.<\/p>\n\n\n\n<p><\/p>\n","protected":false},"excerpt":{"rendered":"<p>Proposta, que visa impulsionar a ind\u00fastria local e estabelece tarifas de importa\u00e7\u00e3o para pa\u00edses com os quais o M\u00e9xico n\u00e3o possui acordo de livre com\u00e9rcio, mostra que maioria dos produtos ter\u00e1 tarifas de at\u00e9 35% Reuters* O Senado do M\u00e9xico aprovou na quarta-feira (10) aumentos tarif\u00e1rios no pr\u00f3ximo ano sobre [&hellip;]<\/p>\n","protected":false},"author":1,"featured_media":3206,"comment_status":"open","ping_status":"open","sticky":false,"template":"","format":"standard","meta":{"footnotes":""},"categories":[258],"tags":[276,281,331],"class_list":{"0":"post-3197","1":"post","2":"type-post","3":"status-publish","4":"format-standard","5":"has-post-thumbnail","7":"category-brasil","8":"tag-china","9":"tag-estados-unidos","10":"tag-tarifas"},"_links":{"self":[{"href":"https:\/\/cristalvoxnews.com.br\/index.php?rest_route=\/wp\/v2\/posts\/3197","targetHints":{"allow":["GET"]}}],"collection":[{"href":"https:\/\/cristalvoxnews.com.br\/index.php?rest_route=\/wp\/v2\/posts"}],"about":[{"href":"https:\/\/cristalvoxnews.com.br\/index.php?rest_route=\/wp\/v2\/types\/post"}],"author":[{"embeddable":true,"href":"https:\/\/cristalvoxnews.com.br\/index.php?rest_route=\/wp\/v2\/users\/1"}],"replies":[{"embeddable":true,"href":"https:\/\/cristalvoxnews.com.br\/index.php?rest_route=%2Fwp%2Fv2%2Fcomments&post=3197"}],"version-history":[{"count":1,"href":"https:\/\/cristalvoxnews.com.br\/index.php?rest_route=\/wp\/v2\/posts\/3197\/revisions"}],"predecessor-version":[{"id":3199,"href":"https:\/\/cristalvoxnews.com.br\/index.php?rest_route=\/wp\/v2\/posts\/3197\/revisions\/3199"}],"wp:featuredmedia":[{"embeddable":true,"href":"https:\/\/cristalvoxnews.com.br\/index.php?rest_route=\/wp\/v2\/media\/3206"}],"wp:attachment":[{"href":"https:\/\/cristalvoxnews.com.br\/index.php?rest_route=%2Fwp%2Fv2%2Fmedia&parent=3197"}],"wp:term":[{"taxonomy":"category","embeddable":true,"href":"https:\/\/cristalvoxnews.com.br\/index.php?rest_route=%2Fwp%2Fv2%2Fcategories&post=3197"},{"taxonomy":"post_tag","embeddable":true,"href":"https:\/\/cristalvoxnews.com.br\/index.php?rest_route=%2Fwp%2Fv2%2Ftags&post=3197"}],"curies":[{"name":"wp","href":"https:\/\/api.w.org\/{rel}","templated":true}]}}