{"id":3191,"date":"2025-12-11T15:34:32","date_gmt":"2025-12-11T18:34:32","guid":{"rendered":"https:\/\/cristalvoxnews.com.br\/?p=3191"},"modified":"2025-12-18T13:41:31","modified_gmt":"2025-12-18T16:41:31","slug":"stf-suspende-parcialmente-decisao-sobre-lei-do-impeachment","status":"publish","type":"post","link":"https:\/\/cristalvoxnews.com.br\/?p=3191","title":{"rendered":"STF suspende parcialmente decis\u00e3o sobre Lei do Impeachment"},"content":{"rendered":"\n<p>Ministro Gilmar Mendes destacou o avan\u00e7o dos debates no Senado sobre nova legisla\u00e7\u00e3o e ressaltou coopera\u00e7\u00e3o entre institui\u00e7\u00f5es<\/p>\n\n\n\n<p>O ministro Gilmar Mendes, do Supremo Tribunal Federal (STF), decidiu nesta quarta-feira (10) suspender parcialmente a liminar proferida na semana passada sobre a aplica\u00e7\u00e3o da Lei do Impeachment (Lei 1.079\/1950) ao afastamento de ministros da Corte. A decis\u00e3o foi tomada nas Argui\u00e7\u00f5es de Descumprimento de Preceito Fundamental (ADPFs)&nbsp;<a href=\"https:\/\/portal.stf.jus.br\/processos\/detalhe.asp?incidente=7374620\" target=\"_blank\" rel=\"noreferrer noopener\"><strong>1259<\/strong><\/a>&nbsp;e&nbsp;<a href=\"https:\/\/portal.stf.jus.br\/processos\/detalhe.asp?incidente=7374621\" target=\"_blank\" rel=\"noreferrer noopener\"><strong>1260<\/strong><\/a>.<\/p>\n\n\n\n<p>A suspens\u00e3o alcan\u00e7a apenas dois pontos da decis\u00e3o original, que atribu\u00edram exclusivamente \u00e0 Procuradoria-Geral da Rep\u00fablica (PGR) a compet\u00eancia para apresentar den\u00fancia por crime de responsabilidade contra ministros do STF. Os demais trechos da liminar permanecem vigentes.<\/p>\n\n\n\n<p>O relator tamb\u00e9m retirou de pauta o julgamento do referendo da liminar, previsto para come\u00e7ar na pr\u00f3xima sexta-feira (12), em sess\u00e3o virtual, e solicitou a inclus\u00e3o da an\u00e1lise em sess\u00e3o presencial da Corte.<\/p>\n","protected":false},"excerpt":{"rendered":"<p>Ministro Gilmar Mendes destacou o avan\u00e7o dos debates no Senado sobre nova legisla\u00e7\u00e3o e ressaltou coopera\u00e7\u00e3o entre institui\u00e7\u00f5es O ministro Gilmar Mendes, do Supremo Tribunal Federal (STF), decidiu nesta quarta-feira (10) suspender parcialmente a liminar proferida na semana passada sobre a aplica\u00e7\u00e3o da Lei do Impeachment (Lei 1.079\/1950) ao afastamento [&hellip;]<\/p>\n","protected":false},"author":1,"featured_media":3192,"comment_status":"open","ping_status":"open","sticky":false,"template":"","format":"standard","meta":{"footnotes":""},"categories":[260],"tags":[606,769],"class_list":{"0":"post-3191","1":"post","2":"type-post","3":"status-publish","4":"format-standard","5":"has-post-thumbnail","7":"category-justica","8":"tag-gilmar-mendes","9":"tag-impeachment"},"_links":{"self":[{"href":"https:\/\/cristalvoxnews.com.br\/index.php?rest_route=\/wp\/v2\/posts\/3191","targetHints":{"allow":["GET"]}}],"collection":[{"href":"https:\/\/cristalvoxnews.com.br\/index.php?rest_route=\/wp\/v2\/posts"}],"about":[{"href":"https:\/\/cristalvoxnews.com.br\/index.php?rest_route=\/wp\/v2\/types\/post"}],"author":[{"embeddable":true,"href":"https:\/\/cristalvoxnews.com.br\/index.php?rest_route=\/wp\/v2\/users\/1"}],"replies":[{"embeddable":true,"href":"https:\/\/cristalvoxnews.com.br\/index.php?rest_route=%2Fwp%2Fv2%2Fcomments&post=3191"}],"version-history":[{"count":1,"href":"https:\/\/cristalvoxnews.com.br\/index.php?rest_route=\/wp\/v2\/posts\/3191\/revisions"}],"predecessor-version":[{"id":3193,"href":"https:\/\/cristalvoxnews.com.br\/index.php?rest_route=\/wp\/v2\/posts\/3191\/revisions\/3193"}],"wp:featuredmedia":[{"embeddable":true,"href":"https:\/\/cristalvoxnews.com.br\/index.php?rest_route=\/wp\/v2\/media\/3192"}],"wp:attachment":[{"href":"https:\/\/cristalvoxnews.com.br\/index.php?rest_route=%2Fwp%2Fv2%2Fmedia&parent=3191"}],"wp:term":[{"taxonomy":"category","embeddable":true,"href":"https:\/\/cristalvoxnews.com.br\/index.php?rest_route=%2Fwp%2Fv2%2Fcategories&post=3191"},{"taxonomy":"post_tag","embeddable":true,"href":"https:\/\/cristalvoxnews.com.br\/index.php?rest_route=%2Fwp%2Fv2%2Ftags&post=3191"}],"curies":[{"name":"wp","href":"https:\/\/api.w.org\/{rel}","templated":true}]}}