{"id":3163,"date":"2025-12-11T14:43:08","date_gmt":"2025-12-11T17:43:08","guid":{"rendered":"https:\/\/cristalvoxnews.com.br\/?p=3163"},"modified":"2025-12-11T14:43:09","modified_gmt":"2025-12-11T17:43:09","slug":"como-vulcao-pode-ter-provocado-pandemia-que-dizimou-metade-da-populacao-da-europa-no-seculo-14","status":"publish","type":"post","link":"https:\/\/cristalvoxnews.com.br\/?p=3163","title":{"rendered":"Como vulc\u00e3o pode ter provocado pandemia que dizimou metade da popula\u00e7\u00e3o da Europa no s\u00e9culo 14"},"content":{"rendered":"\n<p>Uma erup\u00e7\u00e3o vulc\u00e2nica por volta do ano de 1345 pode ter iniciado uma rea\u00e7\u00e3o em cadeia que culminou na pandemia mais letal da&nbsp;<a href=\"https:\/\/www.bbc.com\/portuguese\/topics\/cyx5kx7zkz7t\">Europa<\/a>, a&nbsp;<a href=\"https:\/\/www.bbc.com\/portuguese\/geral-53760408\">Peste Negra<\/a>, afirmam cientistas.<\/p>\n\n\n\n<p>Ind\u00edcios preservados em an\u00e9is de \u00e1rvores sugerem que a erup\u00e7\u00e3o provocou um choque clim\u00e1tico, desencadeando uma sequ\u00eancia de eventos que trouxe a doen\u00e7a \u00e0&nbsp;<a href=\"https:\/\/www.bbc.com\/portuguese\/vert-fut-59828208\">Europa medieval<\/a>.<\/p>\n\n\n\n<p>Nesse cen\u00e1rio, cinzas e gases liberados pelo vulc\u00e3o causaram quedas extremas de temperatura e safras ruins.<\/p>\n\n\n\n<p>Para evitar a&nbsp;<a href=\"https:\/\/www.bbc.com\/portuguese\/topics\/c5qvpqjv4z6t\">fome<\/a>, cidades-Estados italianas populosas precisaram importar gr\u00e3os de regi\u00f5es pr\u00f3ximas ao mar Negro, trazendo inadvertidamente pulgas transmissoras da bact\u00e9ria Yersinia pestis, respons\u00e1vel pela doen\u00e7a.<\/p>\n\n\n\n<p>Essa &#8220;tempestade perfeita&#8221; de choque clim\u00e1tico, fome e com\u00e9rcio lembra como doen\u00e7as podem surgir e se espalhar em um mundo globalizado e mais quente, segundo especialistas.<\/p>\n\n\n\n<p>&#8220;Embora a coincid\u00eancia de fatores que contribuiu para que a Peste Negra pare\u00e7a rara, a probabilidade de surgirem doen\u00e7as zoon\u00f3ticas em fun\u00e7\u00e3o das mudan\u00e7as clim\u00e1ticas e de se transformarem em pandemias tende a aumentar em um mundo globalizado&#8221;, disse Ulf B\u00fcntgen, da Universidade de Cambridge (Reino Unido).<\/p>\n\n\n\n<p>&#8220;Isso \u00e9 especialmente relevante diante da nossa experi\u00eancia recente com a&nbsp;<a href=\"https:\/\/www.bbc.com\/portuguese\/topics\/clmq8rgyyvjt\">covid-19<\/a>&#8220;, acrescentou B\u00fcntgen.<\/p>\n\n\n\n<p>A Peste Negra (ou peste bub\u00f4nica) varreu a Europa entre 1348 e 1349, matando at\u00e9 metade da popula\u00e7\u00e3o do continente. A doen\u00e7a era espalhada por roedores selvagens, como ratos, e pulgas.<\/p>\n\n\n\n<p><\/p>\n\n\n\n<p>Acredita-se que o surto tenha se iniciado na \u00c1sia Central e se espalhado pelo mundo via com\u00e9rcio.<\/p>\n\n\n\n<p>No entanto, a sequ\u00eancia exata de eventos que trouxe a doen\u00e7a \u00e0 Europa \u2014 causando milh\u00f5es de mortes \u2014 tem sido objeto de estudo detalhado por historiadores.<\/p>\n\n\n\n<p>Agora, pesquisadores da Universidade de Cambridge e do Instituto Leibniz de Hist\u00f3ria e Cultura da Europa Oriental, em Leipzig (Alemanha), preencheram uma lacuna nesse quebra-cabe\u00e7a.<\/p>\n\n\n\n<p>Eles analisaram an\u00e9is de \u00e1rvores e n\u00facleos de gelo para examinar as condi\u00e7\u00f5es clim\u00e1ticas na \u00e9poca da Peste Negra.<\/p>\n\n\n\n<p>As evid\u00eancias indicam que a atividade vulc\u00e2nica em torno de 1345 provocou quedas acentuadas de temperatura por anos consecutivos, devido \u00e0 libera\u00e7\u00e3o de cinzas e gases que bloquearam parte da luz solar.<\/p>\n\n\n\n<p>Isso, por sua vez, causou perdas generalizadas nas colheitas do Mediterr\u00e2neo. Para evitar a fome, cidades-estados italianas passaram a comercializar gr\u00e3os com produtores ao redor do mar Negro, permitindo inadvertidamente que a bact\u00e9ria se estabelecesse na Europa.<\/p>\n\n\n\n<p>Martin Bauch, historiador de clima medieval e epidemiologia do Instituto Leibniz de Hist\u00f3ria e Cultura da Europa Oriental, afirmou que os eventos clim\u00e1ticos se encontraram com um &#8220;sistema complexo de seguran\u00e7a alimentar&#8221;, configurando uma &#8220;tempestade perfeita&#8221;.<\/p>\n\n\n\n<p>&#8220;Por mais de um s\u00e9culo, essas poderosas cidades-estados italianas mantinham rotas comerciais de longa dist\u00e2ncia pelo Mediterr\u00e2neo e pelo mar Negro, criando um sistema eficiente para evitar a fome&#8221;, disse ele. &#8220;Mas, no fim, isso acabou levando acidentalmente a uma cat\u00e1strofe muito maior.&#8221;<\/p>\n\n\n\n<p>Os achados foram publicados na revista&nbsp;<a href=\"https:\/\/www.nature.com\/commsenv\/\"><em>Communications Earth &amp; Environment<\/em><\/a>.<\/p>\n","protected":false},"excerpt":{"rendered":"<p>Uma erup\u00e7\u00e3o vulc\u00e2nica por volta do ano de 1345 pode ter iniciado uma rea\u00e7\u00e3o em cadeia que culminou na pandemia mais letal da&nbsp;Europa, a&nbsp;Peste Negra, afirmam cientistas. Ind\u00edcios preservados em an\u00e9is de \u00e1rvores sugerem que a erup\u00e7\u00e3o provocou um choque clim\u00e1tico, desencadeando uma sequ\u00eancia de eventos que trouxe a doen\u00e7a [&hellip;]<\/p>\n","protected":false},"author":1,"featured_media":3164,"comment_status":"open","ping_status":"open","sticky":false,"template":"","format":"standard","meta":{"footnotes":""},"categories":[261],"tags":[741,742,740,738,739],"class_list":{"0":"post-3163","1":"post","2":"type-post","3":"status-publish","4":"format-standard","5":"has-post-thumbnail","7":"category-meio-ambiente","8":"tag-covid-19","9":"tag-europa-medieval","10":"tag-italia-2","11":"tag-peste-negra","12":"tag-vulcao"},"_links":{"self":[{"href":"https:\/\/cristalvoxnews.com.br\/index.php?rest_route=\/wp\/v2\/posts\/3163","targetHints":{"allow":["GET"]}}],"collection":[{"href":"https:\/\/cristalvoxnews.com.br\/index.php?rest_route=\/wp\/v2\/posts"}],"about":[{"href":"https:\/\/cristalvoxnews.com.br\/index.php?rest_route=\/wp\/v2\/types\/post"}],"author":[{"embeddable":true,"href":"https:\/\/cristalvoxnews.com.br\/index.php?rest_route=\/wp\/v2\/users\/1"}],"replies":[{"embeddable":true,"href":"https:\/\/cristalvoxnews.com.br\/index.php?rest_route=%2Fwp%2Fv2%2Fcomments&post=3163"}],"version-history":[{"count":1,"href":"https:\/\/cristalvoxnews.com.br\/index.php?rest_route=\/wp\/v2\/posts\/3163\/revisions"}],"predecessor-version":[{"id":3165,"href":"https:\/\/cristalvoxnews.com.br\/index.php?rest_route=\/wp\/v2\/posts\/3163\/revisions\/3165"}],"wp:featuredmedia":[{"embeddable":true,"href":"https:\/\/cristalvoxnews.com.br\/index.php?rest_route=\/wp\/v2\/media\/3164"}],"wp:attachment":[{"href":"https:\/\/cristalvoxnews.com.br\/index.php?rest_route=%2Fwp%2Fv2%2Fmedia&parent=3163"}],"wp:term":[{"taxonomy":"category","embeddable":true,"href":"https:\/\/cristalvoxnews.com.br\/index.php?rest_route=%2Fwp%2Fv2%2Fcategories&post=3163"},{"taxonomy":"post_tag","embeddable":true,"href":"https:\/\/cristalvoxnews.com.br\/index.php?rest_route=%2Fwp%2Fv2%2Ftags&post=3163"}],"curies":[{"name":"wp","href":"https:\/\/api.w.org\/{rel}","templated":true}]}}