{"id":3160,"date":"2025-12-11T14:39:50","date_gmt":"2025-12-11T17:39:50","guid":{"rendered":"https:\/\/cristalvoxnews.com.br\/?p=3160"},"modified":"2025-12-11T14:39:52","modified_gmt":"2025-12-11T17:39:52","slug":"decisao-do-congresso-sobre-licenciamento-amplia-litigios-e-riscos-ambientais-dizem-procuradores","status":"publish","type":"post","link":"https:\/\/cristalvoxnews.com.br\/?p=3160","title":{"rendered":"Decis\u00e3o do Congresso sobre licenciamento amplia lit\u00edgios e riscos ambientais, dizem procuradores"},"content":{"rendered":"\n<p><em>Associa\u00e7\u00e3o Brasileira dos Membros do Minist\u00e9rio P\u00fablico Federal (Abrampa) diz que lei do licenciamento \u00e9 o maior ataque \u00e0 pol\u00edtica ambiental do pa\u00eds<\/em><\/p>\n\n\n\n<p>A Associa\u00e7\u00e3o Brasileira dos Membros do Minist\u00e9rio P\u00fablico de Meio Ambiente (Abrampa) criticou, nesta quarta-feira (10), as decis\u00f5es tomadas pelo Congresso Nacional em rela\u00e7\u00e3o aos processos de licenciamento no pa\u00eds. Segundo a entidade, as disputas judiciais podem aumentar em todo o pa\u00eds, ampliando atrasos e aumentando a inseguran\u00e7a jur\u00eddica.<\/p>\n\n\n\n<p>Em&nbsp;<a href=\"https:\/\/abrampa.org.br\/document\/nota-tecnica-sobre-a-inconstitucionalidade-da-nova-lei-de-licenciamento-ambiental-lei-federal-no-15-190-2025-e-da-licenca-ambiental-especial-mp-no-1-308-2025\/\" target=\"_blank\" rel=\"noreferrer noopener\">nota t\u00e9cnica<\/a>, os membros da Abrampa afirmam que as altera\u00e7\u00f5es trazidas por deputados e senadores desestruturam a governan\u00e7a ambiental, ampliam a inseguran\u00e7a jur\u00eddica em todo o pa\u00eds e fragilizam a preven\u00e7\u00e3o de danos.&nbsp;<\/p>\n\n\n\n<p>Para os promotores e procuradores que compoem a associa\u00e7\u00e3o, v\u00e1rios dos trechos aprovados pelo Congresso s\u00e3o claramente inconstitucionais. Com isso, um duplo movimento de judicializa\u00e7\u00e3o pode acontecer, dizem.<\/p>\n\n\n\n<p>\u201cDe um lado, a constitucionalidade da legisla\u00e7\u00e3o deve ser contestada no Supremo Tribunal Federal, em um processo complexo que tende a se prolongar no tempo, o que pode impactar tanto pol\u00edticas p\u00fablicas como investimentos privados. De outro, cada empreendimento sujeito ao novo marco poder\u00e1 se tornar foco de disputas judiciais pr\u00f3prias, nas quais a validade e a aplica\u00e7\u00e3o dos dispositivos legais ser\u00e3o debatidas caso a caso.\u201d, diz a nota t\u00e9cnica. <\/p>\n\n\n\n<p><\/p>\n\n\n\n<p>Al\u00e9m disso, a entidade defende que este panorama tende a transferir para o Judici\u00e1rio a responsabilidade por decis\u00f5es de natureza essencialmente t\u00e9cnica, que deveriam ser tomadas no \u00e2mbito do licenciamento ambiental por autoridades<\/p>\n\n\n\n<p>Al\u00e9m disso, a entidade defende que este panorama tende a transferir para o Judici\u00e1rio a responsabilidade por decis\u00f5es de natureza essencialmente t\u00e9cnica, que deveriam ser tomadas no \u00e2mbito do licenciamento ambiental por autoridades especializadas e com instrumentos adequados de participa\u00e7\u00e3o social.<\/p>\n\n\n\n<p>\u201cA consequ\u00eancia ser\u00e1 a multiplica\u00e7\u00e3o de atrasos, risco de decis\u00f5es d\u00edspares em casos semelhantes e aumento da inseguran\u00e7a jur\u00eddica, ampliando a exposi\u00e7\u00e3o a riscos socioambientais. A fragiliza\u00e7\u00e3o do mecanismo preventivo pode, inclusive, favorecer o aumento de desastres evit\u00e1veis, como os de Mariana e Brumadinho\u201d, diz a Abrampa.<\/p>\n\n\n\n<p>Al\u00e9m disso, eles dizem que as novas regras podem afastar o Brasil de par\u00e2metros internacionais de governan\u00e7a, comprometendo a imagem do pa\u00eds em um contexto de transi\u00e7\u00e3o ecol\u00f3gica.<\/p>\n\n\n\n<p>\u201cO novo marco institui o maior ataque \u00e0 pol\u00edtica ambiental j\u00e1 visto em tr\u00eas d\u00e9cadas de Constitui\u00e7\u00e3o cidad\u00e3. O Brasil est\u00e1 trocando seguran\u00e7a jur\u00eddica por uma promessa ilus\u00f3ria de rapidez. O licenciamento ambiental n\u00e3o \u00e9 um entrave: \u00e9 a garantia de que o desenvolvimento n\u00e3o se converta em trag\u00e9dia, como aconteceu em Mariana, por exemplo\u201d, afirma o promotor de Justi\u00e7a e presidente da ABRAMPA, Luciano Loubet.<\/p>\n\n\n\n<p>\u00a0Fonte oeco.org.br &#8211;\u00a0 Texto de <a href=\"https:\/\/oeco.org.br\/author\/cristiane-prizibisczki\/\">Cristiane Prizibisczki<\/a>\u00a0<\/p>\n","protected":false},"excerpt":{"rendered":"<p>Associa\u00e7\u00e3o Brasileira dos Membros do Minist\u00e9rio P\u00fablico Federal (Abrampa) diz que lei do licenciamento \u00e9 o maior ataque \u00e0 pol\u00edtica ambiental do pa\u00eds A Associa\u00e7\u00e3o Brasileira dos Membros do Minist\u00e9rio P\u00fablico de Meio Ambiente (Abrampa) criticou, nesta quarta-feira (10), as decis\u00f5es tomadas pelo Congresso Nacional em rela\u00e7\u00e3o aos processos de [&hellip;]<\/p>\n","protected":false},"author":1,"featured_media":3161,"comment_status":"open","ping_status":"open","sticky":false,"template":"","format":"standard","meta":{"footnotes":""},"categories":[261],"tags":[736,735,433,737],"class_list":{"0":"post-3160","1":"post","2":"type-post","3":"status-publish","4":"format-standard","5":"has-post-thumbnail","7":"category-meio-ambiente","8":"tag-congresso-nacional","9":"tag-licenciamento-ambiental-2","10":"tag-meio-ambiente","11":"tag-ministerio-publico-federal"},"_links":{"self":[{"href":"https:\/\/cristalvoxnews.com.br\/index.php?rest_route=\/wp\/v2\/posts\/3160","targetHints":{"allow":["GET"]}}],"collection":[{"href":"https:\/\/cristalvoxnews.com.br\/index.php?rest_route=\/wp\/v2\/posts"}],"about":[{"href":"https:\/\/cristalvoxnews.com.br\/index.php?rest_route=\/wp\/v2\/types\/post"}],"author":[{"embeddable":true,"href":"https:\/\/cristalvoxnews.com.br\/index.php?rest_route=\/wp\/v2\/users\/1"}],"replies":[{"embeddable":true,"href":"https:\/\/cristalvoxnews.com.br\/index.php?rest_route=%2Fwp%2Fv2%2Fcomments&post=3160"}],"version-history":[{"count":1,"href":"https:\/\/cristalvoxnews.com.br\/index.php?rest_route=\/wp\/v2\/posts\/3160\/revisions"}],"predecessor-version":[{"id":3162,"href":"https:\/\/cristalvoxnews.com.br\/index.php?rest_route=\/wp\/v2\/posts\/3160\/revisions\/3162"}],"wp:featuredmedia":[{"embeddable":true,"href":"https:\/\/cristalvoxnews.com.br\/index.php?rest_route=\/wp\/v2\/media\/3161"}],"wp:attachment":[{"href":"https:\/\/cristalvoxnews.com.br\/index.php?rest_route=%2Fwp%2Fv2%2Fmedia&parent=3160"}],"wp:term":[{"taxonomy":"category","embeddable":true,"href":"https:\/\/cristalvoxnews.com.br\/index.php?rest_route=%2Fwp%2Fv2%2Fcategories&post=3160"},{"taxonomy":"post_tag","embeddable":true,"href":"https:\/\/cristalvoxnews.com.br\/index.php?rest_route=%2Fwp%2Fv2%2Ftags&post=3160"}],"curies":[{"name":"wp","href":"https:\/\/api.w.org\/{rel}","templated":true}]}}