{"id":3157,"date":"2025-12-11T14:35:04","date_gmt":"2025-12-11T17:35:04","guid":{"rendered":"https:\/\/cristalvoxnews.com.br\/?p=3157"},"modified":"2025-12-11T14:35:06","modified_gmt":"2025-12-11T17:35:06","slug":"stf-inicia-novo-julgamento-do-marco-temporal","status":"publish","type":"post","link":"https:\/\/cristalvoxnews.com.br\/?p=3157","title":{"rendered":"STF inicia novo julgamento do Marco Temporal"},"content":{"rendered":"\n<p><em>Primeiro dia de vota\u00e7\u00e3o no Supremo foi marcado por mobiliza\u00e7\u00e3o nacional do movimento ind\u00edgena; A\u00e7\u00f5es questionam a constitucionalidade da lei do marco, aprovada em 2023<\/em><\/p>\n\n\n\n<p>O julgamento das quatro a\u00e7\u00f5es referentes \u00e0 Lei do Marco Temporal iniciaram nesta quarta-feira (10) no Superior Tribunal Federal (STF), em formato presencial. O primeiro dia foi destinado \u00e0 leitura do relat\u00f3rio e \u00e0s sustenta\u00e7\u00f5es orais das partes, da Procuradoria-Geral da Rep\u00fablica e dos terceiros interessados.&nbsp;<\/p>\n\n\n\n<p>O conjunto de processos, todos sob relatoria do ministro Gilmar Mendes, coloca em disputa a validade da Lei 14.701\/2023, norma que reinstalou, por via legislativa, a tese do marco temporal para demarca\u00e7\u00f5es de terras ind\u00edgenas, mesmo ap\u00f3s o STF t\u00ea-la declarado inconstitucional em setembro de 2023.<\/p>\n\n\n\n<p>O principal ponto est\u00e1 na chamada \u201ctese do marco temporal\u201d, mencionando que a qual povos ind\u00edgenas s\u00f3 poderiam reivindicar terras que ocupavam ou disputavam em 5 de outubro de 1988, data da promulga\u00e7\u00e3o da Constitui\u00e7\u00e3o. Anteriormente, o Supremo fixou entendimento oposto, afirmando que os direitos origin\u00e1rios independem de um marco temporal r\u00edgido ou da exist\u00eancia de conflito comprovado na data da Constitui\u00e7\u00e3o.<\/p>\n\n\n\n<p>Antes da publica\u00e7\u00e3o do ac\u00f3rd\u00e3o, por\u00e9m, o Congresso aprovou a&nbsp;<a href=\"https:\/\/www.planalto.gov.br\/ccivil_03\/_ato2023-2026\/2023\/lei\/l14701.htm\" target=\"_blank\" rel=\"noreferrer noopener\">Lei 14.701\/2023<\/a>, restabelecendo a tese e alterando procedimentos de demarca\u00e7\u00e3o, compensa\u00e7\u00e3o indenizat\u00f3ria e participa\u00e7\u00e3o de entes federativos no processo. Vetos presidenciais a pontos considerados cr\u00edticos para a prote\u00e7\u00e3o territorial ind\u00edgena foram posteriormente derrubados pelo Legislativo, reacendendo o impasse institucional. Desde ent\u00e3o, partidos pol\u00edticos, organiza\u00e7\u00f5es indigenistas e setores ligados ao agroneg\u00f3cio acionam simultaneamente o Judici\u00e1rio para invalidar ou validar a nova lei.<\/p>\n\n\n\n<p>Ricardo Terena, advogado ind\u00edgena e coordenador do jur\u00eddico da Articula\u00e7\u00e3o dos Povos Ind\u00edgenas do Brasil (APIB), realizou uma&nbsp;<a href=\"https:\/\/www.youtube.com\/watch?v=Bf0x8oM5bRU\" target=\"_blank\" rel=\"noreferrer noopener\">sustenta\u00e7\u00e3o oral<\/a>&nbsp;representando a organiza\u00e7\u00e3o. Na ocasi\u00e3o, o advogado defendeu que os direitos dos povos ind\u00edgenas s\u00e3o inegoci\u00e1veis e reivindicou que a lei seja declarada inconstitucional e revogada.<\/p>\n\n\n\n<p>\u201cCada um desses cocares, excel\u00eancias, representam uma hist\u00f3ria de 525 de resist\u00eancia e de lutas territoriais. Para n\u00f3s, povos ind\u00edgenas, territ\u00f3rio n\u00e3o \u00e9 mercadoria e propriedade. \u00c9 a nossa condi\u00e7\u00e3o de exist\u00eancia, f\u00edsica, cultural e espiritual e identit\u00e1ria\u201d, afirmou.<\/p>\n\n\n\n<p>Em defesa da C\u00e2mara dos Deputados, o advogado Jules Michelet Pereira afirmou que a lei 14.701\/2023 assegura \u00e0s 19 salvaguardas que o STF firmou durante o processo de demarca\u00e7\u00e3o da Terra Ind\u00edgena Raposa Serra do Sol, em Roraima. \u201cA C\u00e2mara n\u00e3o vem a afrontar ou confrontar o Supremo, mas pedir o reconhecimento leg\u00edtimo de uma leitura da constitui\u00e7\u00e3o completa que j\u00e1 foi feita por uma grande composi\u00e7\u00e3o desta corte\u201d.<\/p>\n\n\n\n<p>\u201cA lei 14.701 n\u00e3o \u00e9 apenas uma cl\u00e1usula de marco temporal, \u00e9 um estatuto de procedimento, de garantias e de responsabilidade do estado. Ela fortalece o devido processo legal de demarca\u00e7\u00e3o, protege as comunidades ind\u00edgenas, cria mecanismos de indeniza\u00e7\u00e3o por estatal e procura substituir a l\u00f3gica da viol\u00eancia privada por uma solu\u00e7\u00e3o institucional de cooperativa\u201d, afirmou durante sua tese.<\/p>\n\n\n\n<p>Ap\u00f3s a leitura do relat\u00f3rio e o in\u00edcio das sustenta\u00e7\u00f5es orais, o julgamento foi suspenso e deve retomar hoje(11), com a continuidade das sustenta\u00e7\u00f5es orais.&nbsp;<\/p>\n\n\n\n<p><\/p>\n\n\n\n<p><\/p>\n\n\n\n<p><\/p>\n\n\n\n<p><\/p>\n\n\n\n<p><\/p>\n\n\n\n<p><\/p>\n\n\n\n<p><\/p>\n\n\n\n<p><\/p>\n\n\n\n<p><\/p>\n\n\n\n<p><em>Publicado no site oeco.org.br \u2013 Texto de Karina Pinheiro<\/em><\/p>\n","protected":false},"excerpt":{"rendered":"<p>Primeiro dia de vota\u00e7\u00e3o no Supremo foi marcado por mobiliza\u00e7\u00e3o nacional do movimento ind\u00edgena; A\u00e7\u00f5es questionam a constitucionalidade da lei do marco, aprovada em 2023 O julgamento das quatro a\u00e7\u00f5es referentes \u00e0 Lei do Marco Temporal iniciaram nesta quarta-feira (10) no Superior Tribunal Federal (STF), em formato presencial. O primeiro [&hellip;]<\/p>\n","protected":false},"author":1,"featured_media":3158,"comment_status":"open","ping_status":"open","sticky":false,"template":"","format":"standard","meta":{"footnotes":""},"categories":[261],"tags":[736,606,734,735,475,282],"class_list":{"0":"post-3157","1":"post","2":"type-post","3":"status-publish","4":"format-standard","5":"has-post-thumbnail","7":"category-meio-ambiente","8":"tag-congresso-nacional","9":"tag-gilmar-mendes","10":"tag-indios","11":"tag-licenciamento-ambiental-2","12":"tag-marco-temporal","13":"tag-stf"},"_links":{"self":[{"href":"https:\/\/cristalvoxnews.com.br\/index.php?rest_route=\/wp\/v2\/posts\/3157","targetHints":{"allow":["GET"]}}],"collection":[{"href":"https:\/\/cristalvoxnews.com.br\/index.php?rest_route=\/wp\/v2\/posts"}],"about":[{"href":"https:\/\/cristalvoxnews.com.br\/index.php?rest_route=\/wp\/v2\/types\/post"}],"author":[{"embeddable":true,"href":"https:\/\/cristalvoxnews.com.br\/index.php?rest_route=\/wp\/v2\/users\/1"}],"replies":[{"embeddable":true,"href":"https:\/\/cristalvoxnews.com.br\/index.php?rest_route=%2Fwp%2Fv2%2Fcomments&post=3157"}],"version-history":[{"count":1,"href":"https:\/\/cristalvoxnews.com.br\/index.php?rest_route=\/wp\/v2\/posts\/3157\/revisions"}],"predecessor-version":[{"id":3159,"href":"https:\/\/cristalvoxnews.com.br\/index.php?rest_route=\/wp\/v2\/posts\/3157\/revisions\/3159"}],"wp:featuredmedia":[{"embeddable":true,"href":"https:\/\/cristalvoxnews.com.br\/index.php?rest_route=\/wp\/v2\/media\/3158"}],"wp:attachment":[{"href":"https:\/\/cristalvoxnews.com.br\/index.php?rest_route=%2Fwp%2Fv2%2Fmedia&parent=3157"}],"wp:term":[{"taxonomy":"category","embeddable":true,"href":"https:\/\/cristalvoxnews.com.br\/index.php?rest_route=%2Fwp%2Fv2%2Fcategories&post=3157"},{"taxonomy":"post_tag","embeddable":true,"href":"https:\/\/cristalvoxnews.com.br\/index.php?rest_route=%2Fwp%2Fv2%2Ftags&post=3157"}],"curies":[{"name":"wp","href":"https:\/\/api.w.org\/{rel}","templated":true}]}}