{"id":3151,"date":"2025-12-05T18:26:22","date_gmt":"2025-12-05T21:26:22","guid":{"rendered":"https:\/\/cristalvoxnews.com.br\/?p=3151"},"modified":"2025-12-11T15:56:17","modified_gmt":"2025-12-11T18:56:17","slug":"flavio-bolsonaro-ungido-pelo-pai-como-candidato-do-bolsonarismo","status":"publish","type":"post","link":"https:\/\/cristalvoxnews.com.br\/?p=3151","title":{"rendered":"Fl\u00e1vio Bolsonaro &#8220;ungido&#8221; pelo PAI como candidato do bolsonarismo"},"content":{"rendered":"\n<p><strong>O ex-presidente Jair Bolsonaro (PL) escolheu o senador Fl\u00e1vio Bolsonaro (PL-RJ) como o nome do bolsonarismo das elei\u00e7\u00f5es presidenciais de 2026.<\/strong><\/p>\n\n\n\n<p>Fl\u00e1vio confirmou no X a decis\u00e3o de Bolsonaro em indic\u00e1-lo para disputar a presid\u00eancia. &#8220;\u00c9 com grande responsabilidade que confirmo a decis\u00e3o da maior lideran\u00e7a pol\u00edtica e moral do Brasil, Jair Messias Bolsonaro, de me conferir a miss\u00e3o de dar continuidade ao nosso projeto de na\u00e7\u00e3o.&#8221;<\/p>\n\n\n\n<p>No texto, Fl\u00e1vio afirma que a democracia estaria &#8220;sucumbindo&#8221; e que &#8220;ningu\u00e9m aguenta mais&#8221;. Em seguida, recorre \u00e0 religi\u00e3o para falar sobre seu compromisso com a pol\u00edtica no Pa\u00eds.<\/p>\n\n\n\n<p>&#8220;Eu me coloco diante de Deus e diante do Brasil para cumprir essa miss\u00e3o. E sei que Ele ir\u00e1 \u00e0 frente, abrindo portas, derrubando muralhas e guiando cada passo dessa jornada. Que Deus aben\u00e7oe o nosso povo! Que Deus aben\u00e7oe o nosso Brasil!&#8221;, escreveu.<\/p>\n\n\n\n<p><\/p>\n\n\n\n<p><\/p>\n\n\n\n<figure class=\"wp-block-embed\"><div class=\"wp-block-embed__wrapper\">\nhttps:\/\/www.terra.com.br\/noticias\/brasil\/politica\/flavio-bolsonaro-confirma-pre-candidatura-a-presidencia-missao-de-dar-continuidade,8592294901da6df1c2d7df723342627eahgec604.html?utm_source=clipboard\n<\/div><\/figure>\n\n\n\n<p><\/p>\n","protected":false},"excerpt":{"rendered":"<p>O ex-presidente Jair Bolsonaro (PL) escolheu o senador Fl\u00e1vio Bolsonaro (PL-RJ) como o nome do bolsonarismo das elei\u00e7\u00f5es presidenciais de 2026. Fl\u00e1vio confirmou no X a decis\u00e3o de Bolsonaro em indic\u00e1-lo para disputar a presid\u00eancia. &#8220;\u00c9 com grande responsabilidade que confirmo a decis\u00e3o da maior lideran\u00e7a pol\u00edtica e moral do [&hellip;]<\/p>\n","protected":false},"author":1,"featured_media":3155,"comment_status":"open","ping_status":"open","sticky":false,"template":"","format":"standard","meta":{"footnotes":""},"categories":[256],"tags":[732,731,371,537],"class_list":{"0":"post-3151","1":"post","2":"type-post","3":"status-publish","4":"format-standard","5":"has-post-thumbnail","7":"category-politica","8":"tag-bolsonarismo","9":"tag-eleicao","10":"tag-flavio-bolsonaro","11":"tag-presidencia"},"_links":{"self":[{"href":"https:\/\/cristalvoxnews.com.br\/index.php?rest_route=\/wp\/v2\/posts\/3151","targetHints":{"allow":["GET"]}}],"collection":[{"href":"https:\/\/cristalvoxnews.com.br\/index.php?rest_route=\/wp\/v2\/posts"}],"about":[{"href":"https:\/\/cristalvoxnews.com.br\/index.php?rest_route=\/wp\/v2\/types\/post"}],"author":[{"embeddable":true,"href":"https:\/\/cristalvoxnews.com.br\/index.php?rest_route=\/wp\/v2\/users\/1"}],"replies":[{"embeddable":true,"href":"https:\/\/cristalvoxnews.com.br\/index.php?rest_route=%2Fwp%2Fv2%2Fcomments&post=3151"}],"version-history":[{"count":1,"href":"https:\/\/cristalvoxnews.com.br\/index.php?rest_route=\/wp\/v2\/posts\/3151\/revisions"}],"predecessor-version":[{"id":3152,"href":"https:\/\/cristalvoxnews.com.br\/index.php?rest_route=\/wp\/v2\/posts\/3151\/revisions\/3152"}],"wp:featuredmedia":[{"embeddable":true,"href":"https:\/\/cristalvoxnews.com.br\/index.php?rest_route=\/wp\/v2\/media\/3155"}],"wp:attachment":[{"href":"https:\/\/cristalvoxnews.com.br\/index.php?rest_route=%2Fwp%2Fv2%2Fmedia&parent=3151"}],"wp:term":[{"taxonomy":"category","embeddable":true,"href":"https:\/\/cristalvoxnews.com.br\/index.php?rest_route=%2Fwp%2Fv2%2Fcategories&post=3151"},{"taxonomy":"post_tag","embeddable":true,"href":"https:\/\/cristalvoxnews.com.br\/index.php?rest_route=%2Fwp%2Fv2%2Ftags&post=3151"}],"curies":[{"name":"wp","href":"https:\/\/api.w.org\/{rel}","templated":true}]}}