{"id":3147,"date":"2025-12-05T18:19:35","date_gmt":"2025-12-05T21:19:35","guid":{"rendered":"https:\/\/cristalvoxnews.com.br\/?p=3147"},"modified":"2025-12-11T15:56:16","modified_gmt":"2025-12-11T18:56:16","slug":"pablo-marcal-sera-julgado-pelo-tse-pela-industria-dos-cortes","status":"publish","type":"post","link":"https:\/\/cristalvoxnews.com.br\/?p=3147","title":{"rendered":"Pablo Mar\u00e7al ser\u00e1  julgado pelo TSE pela &#8220;Ind\u00fastria dos cortes&#8221;"},"content":{"rendered":"\n<p><strong>Tribunal Superior Eleitoral analisar\u00e1 estrat\u00e9gia do ex-candidato \u00e0 Prefeitura de S\u00e3o Paulo que promoveu concurso remunerado de cortes de v\u00eddeos para redes sociais.<\/strong><\/p>\n\n\n\n<p>Fonte: CNN<\/p>\n\n\n\n<p>O TSE (Tribunal Superior Eleitoral) se prepara para julgar a chamada &#8220;ind\u00fastria dos cortes&#8221;, estrat\u00e9gia de campanha utilizada por Pablo Mar\u00e7al durante as elei\u00e7\u00f5es municipais de 2024 em S\u00e3o Paulo, enquanto concorria pelo PRTB. O caso ganhou notoriedade ap\u00f3s o TRE-SP (Tribunal Regional Eleitoral de S\u00e3o Paulo) confirmar, na \u00faltima quinta-feira (4), a inelegibilidade do ex-candidato por oito anos, conforme explicou a apura\u00e7\u00e3o de Lu\u00edsa Martins no\u00a0<strong>Bastidores CNN<\/strong>.<\/p>\n\n\n\n<p>Mar\u00e7al foi condenado por abuso dos meios de comunica\u00e7\u00e3o devido \u00e0 promo\u00e7\u00e3o de um concurso que oferecia pagamentos para criadores de conte\u00fado que produzissem cortes de v\u00eddeos monetizados para redes sociais. A estrat\u00e9gia, considerada peculiar e espec\u00edfica de sua campanha \u00e0 Prefeitura de S\u00e3o Paulo, consistia em recompensar financeiramente quem impulsionasse sua candidatura atrav\u00e9s de plataformas digitais.<\/p>\n\n\n\n<p>O&nbsp;<a href=\"https:\/\/www.cnnbrasil.com.br\/eleicoes\/tre-sp-mantem-inelegibilidade-de-pablo-marcal-por-oito-anos\/\">TRE-SP manteve a decis\u00e3o de primeira inst\u00e2ncia por um placar apertado de 4 a 3<\/a>, entendendo que a legisla\u00e7\u00e3o eleitoral pro\u00edbe expressamente a remunera\u00e7\u00e3o, monetiza\u00e7\u00e3o ou concess\u00e3o de vantagens econ\u00f4micas para veicula\u00e7\u00e3o de propaganda eleitoral na internet. Al\u00e9m da inelegibilidade, o tribunal tamb\u00e9m condenou Mar\u00e7al ao pagamento de multa no valor de R$ 450 mil.<\/p>\n\n\n\n<h2 class=\"wp-block-heading\">Recurso ao TSE e impacto para elei\u00e7\u00f5es futuras<\/h2>\n\n\n\n<p>A assessoria de&nbsp;<a href=\"https:\/\/www.cnnbrasil.com.br\/eleicoes\/marcal-diz-que-inelegibilidade-sera-revertida-no-tse\/\">Pablo Mar\u00e7al j\u00e1 confirmou que ir\u00e1 recorrer da decis\u00e3o ao TSE<\/a>. O caso ganha relev\u00e2ncia adicional por estabelecer precedentes sobre o uso de estrat\u00e9gias digitais em campanhas eleitorais. A Corte Superior dever\u00e1 definir par\u00e2metros que poder\u00e3o balizar as&nbsp;<a href=\"https:\/\/www.cnnbrasil.com.br\/politica\/bolsonaro-sinaliza-escolha-de-flavio-como-candidato-ao-planalto-em-2026\/\">elei\u00e7\u00f5es de 2026<\/a>, em um cen\u00e1rio onde os desafios relacionados \u00e0s redes sociais se tornam cada vez mais complexos.<\/p>\n\n\n\n<p>O julgamento no TSE poder\u00e1 criar jurisprud\u00eancia sobre os limites do uso remunerado de conte\u00fados em plataformas digitais durante per\u00edodos eleitorais, especialmente considerando a crescente influ\u00eancia das redes sociais nos processos democr\u00e1ticos. A decis\u00e3o final ter\u00e1 impacto significativo n\u00e3o apenas para Mar\u00e7al, mas tamb\u00e9m para o estabelecimento de regras claras sobre estrat\u00e9gias de comunica\u00e7\u00e3o digital em futuras elei\u00e7\u00f5es brasileiras.<\/p>\n\n\n\n<p><\/p>\n","protected":false},"excerpt":{"rendered":"<p>Tribunal Superior Eleitoral analisar\u00e1 estrat\u00e9gia do ex-candidato \u00e0 Prefeitura de S\u00e3o Paulo que promoveu concurso remunerado de cortes de v\u00eddeos para redes sociais. Fonte: CNN O TSE (Tribunal Superior Eleitoral) se prepara para julgar a chamada &#8220;ind\u00fastria dos cortes&#8221;, estrat\u00e9gia de campanha utilizada por Pablo Mar\u00e7al durante as elei\u00e7\u00f5es municipais [&hellip;]<\/p>\n","protected":false},"author":1,"featured_media":3148,"comment_status":"open","ping_status":"open","sticky":false,"template":"","format":"standard","meta":{"footnotes":""},"categories":[256],"tags":[727,726,728],"class_list":{"0":"post-3147","1":"post","2":"type-post","3":"status-publish","4":"format-standard","5":"has-post-thumbnail","7":"category-politica","8":"tag-cortes","9":"tag-pablo-marcal","10":"tag-tse"},"_links":{"self":[{"href":"https:\/\/cristalvoxnews.com.br\/index.php?rest_route=\/wp\/v2\/posts\/3147","targetHints":{"allow":["GET"]}}],"collection":[{"href":"https:\/\/cristalvoxnews.com.br\/index.php?rest_route=\/wp\/v2\/posts"}],"about":[{"href":"https:\/\/cristalvoxnews.com.br\/index.php?rest_route=\/wp\/v2\/types\/post"}],"author":[{"embeddable":true,"href":"https:\/\/cristalvoxnews.com.br\/index.php?rest_route=\/wp\/v2\/users\/1"}],"replies":[{"embeddable":true,"href":"https:\/\/cristalvoxnews.com.br\/index.php?rest_route=%2Fwp%2Fv2%2Fcomments&post=3147"}],"version-history":[{"count":2,"href":"https:\/\/cristalvoxnews.com.br\/index.php?rest_route=\/wp\/v2\/posts\/3147\/revisions"}],"predecessor-version":[{"id":3150,"href":"https:\/\/cristalvoxnews.com.br\/index.php?rest_route=\/wp\/v2\/posts\/3147\/revisions\/3150"}],"wp:featuredmedia":[{"embeddable":true,"href":"https:\/\/cristalvoxnews.com.br\/index.php?rest_route=\/wp\/v2\/media\/3148"}],"wp:attachment":[{"href":"https:\/\/cristalvoxnews.com.br\/index.php?rest_route=%2Fwp%2Fv2%2Fmedia&parent=3147"}],"wp:term":[{"taxonomy":"category","embeddable":true,"href":"https:\/\/cristalvoxnews.com.br\/index.php?rest_route=%2Fwp%2Fv2%2Fcategories&post=3147"},{"taxonomy":"post_tag","embeddable":true,"href":"https:\/\/cristalvoxnews.com.br\/index.php?rest_route=%2Fwp%2Fv2%2Ftags&post=3147"}],"curies":[{"name":"wp","href":"https:\/\/api.w.org\/{rel}","templated":true}]}}