{"id":3144,"date":"2025-12-05T18:12:00","date_gmt":"2025-12-05T21:12:00","guid":{"rendered":"https:\/\/cristalvoxnews.com.br\/?p=3144"},"modified":"2025-12-11T15:56:18","modified_gmt":"2025-12-11T18:56:18","slug":"o-que-se-sabe-sobre-as-acusacoes-contra-lulinha-na-cpmi-do-inss","status":"publish","type":"post","link":"https:\/\/cristalvoxnews.com.br\/?p=3144","title":{"rendered":"O que se sabe sobre as acusa\u00e7\u00f5es contra Lulinha na CPMI do INSS"},"content":{"rendered":"\n<p><strong>A Comiss\u00e3o Parlamentar Mista de Inqu\u00e9rito (CPMI) que apura fraudes no sistema do Instituto Nacional do Seguro Social (INSS) rejeitou, nesta quinta-feira (4\/12), a convoca\u00e7\u00e3o do filho mais velho do presidente Lula (PT), F\u00e1bio Lu\u00eds Lula da Silva, para prestar esclarecimentos sobre sua rela\u00e7\u00e3o com pessoas investigadas no esquema.<\/strong><\/p>\n\n\n\n<p>Fonte BBC Brasil<\/p>\n\n\n\n<p>O requerimento foi protocolado pelo partido Novo, que alegou haver ind\u00edcios financeiros de uma poss\u00edvel conex\u00e3o entre operadores da fraude e pessoas pr\u00f3ximas ao presidente da Rep\u00fablica, entre eles Lulinha.<\/p>\n\n\n\n<p>O pedido de convoca\u00e7\u00e3o j\u00e1 estava em pauta nesta quinta, mas foi refor\u00e7ado ap\u00f3s membros da CPMI terem acesso ao depoimento de uma testemunha que acusa Lulinha de receber &#8220;mesada&#8221; do empres\u00e1rio Ant\u00f4nio Carlos Camilo Antunes, conhecido como Careca do INSS.<\/p>\n\n\n\n<p>Ant\u00f4nio Carlos \u00e9 apontado pela Pol\u00edcia Federal como o operador do esquema de fraudes na previd\u00eancia. Ele foi preso em setembro.<\/p>\n\n\n\n<p>Segundo investiga\u00e7\u00f5es, o &#8220;careca do INSS&#8221; agia como um intermedi\u00e1rio dos sindicatos e associa\u00e7\u00f5es, recebendo os recursos que eram debitados indevidamente dos aposentados e pensionistas, e repassando parte deles a servidores do instituto ou a familiares e empresas ligadas a eles.<\/p>\n\n\n\n<p>Apesar da mobiliza\u00e7\u00e3o, a base do governo conseguiu se articular para derrubar o pedido de convoca\u00e7\u00e3o do filho de Lula. Foram 19 votos contra e 12 a favor.<\/p>\n\n\n\n<p>O ex-ministro da Secretaria de Comunica\u00e7\u00e3o, deputado Paulo Pimenta (PT-RS), afirmou que o pedido de convoca\u00e7\u00e3o estava &#8220;fora de prop\u00f3sito&#8221; e que n\u00e3o havia provas sobre a suposta liga\u00e7\u00e3o entre Lulinha e Ant\u00f4nio Carlos Camilo Antunes.<\/p>\n\n\n\n<p>Em outubro, a CPMI j\u00e1 havia rejeitado a convoca\u00e7\u00e3o de Jos\u00e9 Ferreira da Silva, o Frei Chico, irm\u00e3o do presidente Lula.<\/p>\n\n\n\n<p>Ele foi vice-presidente do Sindnapi, entidade investigada no esquema bilion\u00e1rio de fraudes, mas n\u00e3o \u00e9 alvo das apura\u00e7\u00f5es da Pol\u00edcia Federal.<\/p>\n\n\n\n<p>Lulinha tamb\u00e9m n\u00e3o \u00e9 investigado pela PF no esquema de descontos fraudulentos em aposentadorias e pens\u00f5es.<\/p>\n\n\n\n<p>Ao Poder 360, o ex-advogado e amigo de Lulinha, Marco Aur\u00e9lio Carvalho, disse que n\u00e3o conseguiu falar com ele, mas que a acusa\u00e7\u00e3o &#8220;\u00e9 absolutamente pirot\u00e9cnica e improv\u00e1vel. \u00c9 mais uma tentativa de desgastar a imagem de F\u00e1bio Lu\u00eds&#8221;.<\/p>\n\n\n\n<h2 class=\"wp-block-heading\" id=\"Acusa\u00e7\u00e3o\">\u00a0Acusa\u00e7\u00e3o<\/h2>\n\n\n\n<p>Na ter\u00e7a-feira (2\/12), o presidente da CPMI do INSS, senador Carlos Viana (Podemos-MG)&nbsp;<a href=\"https:\/\/x.com\/carlosaviana\/status\/1996026926159290772?ref_src=twsrc%5Etfw%7Ctwcamp%5Etweetembed%7Ctwterm%5E1996026926159290772%7Ctwgr%5E45e094de18d1cbb30263176df32f0571ce2a0e10%7Ctwcon%5Es1_&amp;ref_url=https%3A%2F%2Fwww.cnnbrasil.com.br%2Fpolitica%2Fviana-diz-que-votara-convocacao-de-filho-de-lula-na-cpmi-do-inss%2F\">anunciou, em uma publica\u00e7\u00e3o nas redes sociais<\/a>, que colocaria em vota\u00e7\u00e3o um requerimento para convocar Lulinha.<\/p>\n\n\n\n<p>Ele afirmou: &#8220;Quem n\u00e3o deve, n\u00e3o teme. O Brasil quer respostas&#8221;.<\/p>\n\n\n\n<p>O pedido, assinado pelos deputados Marcel van Hattem (Novo-RS), Eduardo Gir\u00e3o (Novo-CE), Adriana Ventura (Novo-SP) e Luiz Lima (Novo-RJ), alegava que ouvir Lulinha era essencial para esclarecer &#8220;eventual uso de sua estrutura cont\u00e1bil ou poss\u00edvel liga\u00e7\u00e3o indireta com o esquema&#8221;.<\/p>\n\n\n\n<p>Segundo o jornal O Globo, o gatilho para o pedido foi a revela\u00e7\u00e3o de que Ricardo Bimbo, dirigente nacional do PT, teria recebido dinheiro de uma das empresas investigadas.<\/p>\n\n\n\n<p>No mesmo per\u00edodo, ele teria quitado um boleto do contador Jo\u00e3o Muniz Leite, respons\u00e1vel pelas contas de Lulinha.<\/p>\n\n\n\n<p>A press\u00e3o para convocar o filho de Lula aumentou ap\u00f3s a CPMI tomar conhecimento do depoimento de Edson Claro, ex-funcion\u00e1rio do INSS, \u00e0 Pol\u00edcia Federal.<\/p>\n\n\n\n<p>Segundo o portal Poder360, que teve acesso ao depoimento, Claro acusa Lulinha de manter uma rela\u00e7\u00e3o de proximidade e at\u00e9 uma sociedade empresarial com Ant\u00f4nio Carlos.<\/p>\n\n\n\n<p>Ele teria dito que o filho de Lula recebeu uma cifra de 25 milh\u00f5es (sem especificar em qual moeda) do &#8220;careca do INSS&#8221;, al\u00e9m de uma &#8220;mesada&#8221; de R$ 300 mil.<\/p>\n\n\n\n<p>Ainda, de acordo com o depoimento de Claro, Lulinha atuava como uma esp\u00e9cie de lobista para Ant\u00f4nio Carlos e eles teriam viajado juntos v\u00e1rias vezes para Portugal.<\/p>\n\n\n\n<p>Edson Claro \u00e9 um dos alvos da investiga\u00e7\u00e3o da Pol\u00edcia Federal. Ele prestou depoimento em 29 de outubro de 2025.<\/p>\n\n\n\n<p>De acordo com o Poder360, n\u00e3o fica claro o tipo de sociedade que Lulinha tem ou pode ter mantido com o Careca do INSS com base no que diz Edson Claro.<\/p>\n\n\n\n<p>Apesar disso, o ve\u00edculo pontua que as cita\u00e7\u00f5es ao filho de Lula na investiga\u00e7\u00e3o s\u00e3o fartas. Ele \u00e9 citado em conversas de WhatsApp em situa\u00e7\u00f5es que poderia ajudar, de alguma forma, os acusados de fraudar o INSS.<\/p>\n\n\n\n<h2 class=\"wp-block-heading\" id=\"Quem-\u00e9-Lulinha\">Quem \u00e9 Lulinha<\/h2>\n\n\n\n<p>F\u00e1bio Luis, mais conhecido como Lulinha, \u00e9 o filho mais velho de Lula com Marisa Let\u00edcia. Ele \u00e9 formado em biologia e chegou a trabalhar como estagi\u00e1rio em um zool\u00f3gico em S\u00e3o Paulo. Hoje ele tem empresas no ramo de tecnologia.<\/p>\n\n\n\n<p>Nos anos 2000, o filho de Lula se tornou s\u00f3cio da empresa Gamecorp, que atuava no ramo de jogos eletr\u00f4nicos, e viu seu nome envolvido em investiga\u00e7\u00f5es.<\/p>\n\n\n\n<p>Em 2019, o Minist\u00e9rio P\u00fablico Federal denunciou Lulinha e outras 10 pessoas por suposto recebimento de vantagens indevidas da Oi\/Telemar, entre 2004 e 2016.<\/p>\n\n\n\n<p>Em 2020,&nbsp;<a href=\"https:\/\/www.bbc.com\/portuguese\/brasil-50668880\">ele foi alvo da Opera\u00e7\u00e3o Lava Jato<\/a>, investigado por suspeita de receber repasses de mais de R$ 100 milh\u00f5es do grupo Oi\/Telemar para suas empresas, em troca de decis\u00f5es favor\u00e1veis do governo durante as gest\u00f5es petistas.<\/p>\n\n\n\n<p>O caso foi arquivado.<\/p>\n\n\n\n<p>Em julho, o portal Metr\u00f3poles divulgou que Lulinha se mudou para a Espanha e s\u00f3 voltaria ao Brasil ap\u00f3s o fim do mandado de Lula. Ele teria sido contratado para trabalhar para uma empresa em Madri.<\/p>\n\n\n\n<h2 class=\"wp-block-heading\" id=\"Fraude-no-INSS\">&nbsp;<\/h2>\n\n\n\n<h2 class=\"wp-block-heading\">Fraude no INSS<\/h2>\n\n\n\n<p>Em abril, uma investiga\u00e7\u00e3o conjunta da Controladoria-Geral da Uni\u00e3o (CGU) e da Pol\u00edcia Federal (PF)<a href=\"https:\/\/www.bbc.com\/portuguese\/articles\/cvgqv4n770jo\">&nbsp;revelou uma fraude bilion\u00e1ria no INSS<\/a>, que roubou centenas de milhares de aposentados por meio de descontos n\u00e3o autorizados em seus benef\u00edcios.<\/p>\n\n\n\n<p>Segundo a pol\u00edcia, sindicatos e associa\u00e7\u00f5es de aposentados conseguiam, por meio de conv\u00eanios com o INSS, descontar mensalidades de aposentados e pensionistas sem autoriza\u00e7\u00e3o.<\/p>\n\n\n\n<p>Estima-se que o esquema envolva R$ 6,3 bilh\u00f5es em descontos, entre valores legais e ilegais, no per\u00edodo de 2019 a 2024.<\/p>\n\n\n\n<p>Entre os investigados na primeira fase da Opera\u00e7\u00e3o estavam seis servidores p\u00fablicos, incluindo o ent\u00e3o presidente do INSS, Alessandro Stefanutto. Ele foi demitido do cargo ap\u00f3s a opera\u00e7\u00e3o e preso em novembro.<\/p>\n\n\n\n<p>Em setembro, novas pris\u00f5es foram feitas, entre elas do empres\u00e1rio Ant\u00f4nio Carlos Camilo Antunes, conhecido como Careca do INSS.<\/p>\n\n\n\n<p>Ele \u00e9 apontado pelas investiga\u00e7\u00f5es como facilitador do esquema que desviou recursos de aposentados e pensionistas.<\/p>\n\n\n\n<p>Segundo a Pol\u00edcia Federal, empresas ligadas a ele teriam operado como intermedi\u00e1rias financeiras das associa\u00e7\u00f5es investigadas na fraude.<\/p>\n","protected":false},"excerpt":{"rendered":"<p>A Comiss\u00e3o Parlamentar Mista de Inqu\u00e9rito (CPMI) que apura fraudes no sistema do Instituto Nacional do Seguro Social (INSS) rejeitou, nesta quinta-feira (4\/12), a convoca\u00e7\u00e3o do filho mais velho do presidente Lula (PT), F\u00e1bio Lu\u00eds Lula da Silva, para prestar esclarecimentos sobre sua rela\u00e7\u00e3o com pessoas investigadas no esquema. Fonte [&hellip;]<\/p>\n","protected":false},"author":1,"featured_media":3145,"comment_status":"open","ping_status":"open","sticky":false,"template":"","format":"standard","meta":{"footnotes":""},"categories":[256],"tags":[724,723,306,640,725],"class_list":{"0":"post-3144","1":"post","2":"type-post","3":"status-publish","4":"format-standard","5":"has-post-thumbnail","7":"category-politica","8":"tag-careca-do-inss","9":"tag-inss","10":"tag-lula","11":"tag-lulinha","12":"tag-petrolao"},"_links":{"self":[{"href":"https:\/\/cristalvoxnews.com.br\/index.php?rest_route=\/wp\/v2\/posts\/3144","targetHints":{"allow":["GET"]}}],"collection":[{"href":"https:\/\/cristalvoxnews.com.br\/index.php?rest_route=\/wp\/v2\/posts"}],"about":[{"href":"https:\/\/cristalvoxnews.com.br\/index.php?rest_route=\/wp\/v2\/types\/post"}],"author":[{"embeddable":true,"href":"https:\/\/cristalvoxnews.com.br\/index.php?rest_route=\/wp\/v2\/users\/1"}],"replies":[{"embeddable":true,"href":"https:\/\/cristalvoxnews.com.br\/index.php?rest_route=%2Fwp%2Fv2%2Fcomments&post=3144"}],"version-history":[{"count":1,"href":"https:\/\/cristalvoxnews.com.br\/index.php?rest_route=\/wp\/v2\/posts\/3144\/revisions"}],"predecessor-version":[{"id":3146,"href":"https:\/\/cristalvoxnews.com.br\/index.php?rest_route=\/wp\/v2\/posts\/3144\/revisions\/3146"}],"wp:featuredmedia":[{"embeddable":true,"href":"https:\/\/cristalvoxnews.com.br\/index.php?rest_route=\/wp\/v2\/media\/3145"}],"wp:attachment":[{"href":"https:\/\/cristalvoxnews.com.br\/index.php?rest_route=%2Fwp%2Fv2%2Fmedia&parent=3144"}],"wp:term":[{"taxonomy":"category","embeddable":true,"href":"https:\/\/cristalvoxnews.com.br\/index.php?rest_route=%2Fwp%2Fv2%2Fcategories&post=3144"},{"taxonomy":"post_tag","embeddable":true,"href":"https:\/\/cristalvoxnews.com.br\/index.php?rest_route=%2Fwp%2Fv2%2Ftags&post=3144"}],"curies":[{"name":"wp","href":"https:\/\/api.w.org\/{rel}","templated":true}]}}