{"id":3138,"date":"2025-12-05T17:58:30","date_gmt":"2025-12-05T20:58:30","guid":{"rendered":"https:\/\/cristalvoxnews.com.br\/?p=3138"},"modified":"2025-12-05T17:58:31","modified_gmt":"2025-12-05T20:58:31","slug":"cabul-cidade-afega-pode-morrer-de-sede","status":"publish","type":"post","link":"https:\/\/cristalvoxnews.com.br\/?p=3138","title":{"rendered":"Cabul cidade Afeg\u00e3 pode morrer de sede"},"content":{"rendered":"\n<p><strong>Com 6 milh\u00f5es de habitantes, pode ser a primeira cidade do mundo a ficar sem \u00e1gua e especialistas estimam que, mantido o ritmo atual, o abastecimento pode acabar antes de 2030 em Cabul<\/strong><\/p>\n\n\n\n<p>De acordo com um relat\u00f3rio da ONG Mercy Corps publicado em 2025, os len\u00e7\u00f3is fre\u00e1ticos da regi\u00e3o ca\u00edram entre 25 e 30 metros na \u00faltima d\u00e9cada. O bombeamento de \u00e1gua j\u00e1 supera a recarga natural em cerca de 44 milh\u00f5es de metros c\u00fabicos por ano.<\/p>\n\n\n\n<p><mark>Especialistas estimam que, mantido o ritmo atual, o abastecimento poder\u00e1 entrar em colapso antes de 2030.<\/mark><\/p>\n\n\n\n<p><a href=\"https:\/\/clck.mgid.com\/ghits\/24682089\/i\/57936636\/0\/pp\/1\/1?h=unGzv0kuL3XGuEeeN28yR3bYOV65h1QyMqNja1xou546eJqjwnEavYSzyOi9RTgsebUXIgXQc7_xmP_7VLmpx5aFTZXc7MnPks7IFw7lbIQCtV4miJlHsdPopj8bjv-D&amp;rid=94e2bd9b-cdff-11f0-9ba2-d404e6faf7f0&amp;tt=Direct&amp;att=3&amp;cpm=1&amp;abd=1&amp;iv=17&amp;ct=1&amp;gdprApplies=0&amp;muid=pauI5nf_Uqg7&amp;st=-180&amp;mp4=1&amp;h2=P4zKeKkMBMZUUVZ9-JpqEcCDE71aluB3Zj4hmkW4pXkY7xz6ngZANgvdH78Z8qfNHi-EIgqFJkXLOoRygGMT_w**&amp;k=1605499fc*f!fZrVVnFBfZrVWTJNfNDUzODUwOTgyNDA3OWVjMDAzZTE3ZTEzYWFhZThlMjk%3DfMjQ3*DM%3Df!ffaBff!ff%2C*f%2C*ffQf%3AfaHR0cHM6Ly9jbGlja3BldHJvbGVvZWdhcy5jb20uYnIvY29tLTYtbWlsaG9lcy1kZ%241oYWJpdGFudGVzLXByaW1laXJhLWNpZGFkZ%241kby1tdW5kby1zZW0tYWd1Y%241hY2FiYXItMjAzMC1jYWJ1bC1nbHMvfff*fMjQ3*DI2Mjh8MjM4*DI2MTc%3DfMg%3D%3Df%3Af!fcfMTl8NDE1*DIzOHwtNw%3D%3DfYAfNgff!fTW96aWxsY%2481LjAgKFdpbmRvd3MgTlQgMTAuMDsgV2luNjQ7IHg2NCkgQXBwbGVXZWJLaXQvNTM3LjM2IChL%24FRNTCwgbGlrZ%24BHZWNrbykgQ2hyb21lLzE0Mi4wLjAuMCBTYWZhcmkvNTM3LjM2fUERGVmlld2Vy*ENocm9tZVBERlZpZXdlcnxDaHJvbWl1bVBERlZpZXdlcnxNaWNyb3NvZnRFZGdlUERGVmlld2Vy*FdlYktpdGJ1aWx0LWluUERGf!fV2luMzI%3DfLTE4MA%3D%3DfMXwxMDA%3DfMTUzNnw4MjQ%3DfdW5rbm93bnw0Z3wwf!f!fQf1W22Iff*(PXzsl&amp;crst=1764515982&amp;wrst=1764515983\" target=\"_blank\" rel=\"noreferrer noopener\"><strong>Resgate agora at\u00e9 500 giros na Cassino! Jogue com apenas 1 real<\/strong><\/a><\/p>\n\n\n\n<p>A crise combina mudan\u00e7as clim\u00e1ticas, crescimento urbano desordenado e gest\u00e3o fr\u00e1gil dos recursos h\u00eddricos. A situa\u00e7\u00e3o em Cabul ecoa experi\u00eancias dram\u00e1ticas que outras metr\u00f3poles j\u00e1 viveram, como Cidade do Cabo, Chennai e at\u00e9 S\u00e3o Paulo. Para o Brasil, o caso funciona como um laborat\u00f3rio extremo sobre o que acontece&nbsp;<a href=\"https:\/\/clickpetroleoegas.com.br\/maior-sucuri-na-historia-veja-o-video-na-amazonia-200-kg-e-6-metros-de-comprimento-gls\/\"><strong>quando o planejamento falha<\/strong><\/a>.<\/p>\n\n\n\n<p><strong>Por que Cabul est\u00e1 \u00e0 beira de ficar sem \u00e1gua<\/strong><\/p>\n\n\n\n<p>Nas \u00faltimas d\u00e9cadas, o clima em Cabul se tornou mais quente e mais seco. As chuvas diminu\u00edram e ficaram irregulares, o que dificulta a recarga natural dos aqu\u00edferos. Segundo especialistas, esse padr\u00e3o est\u00e1 ligado ao avan\u00e7o das mudan\u00e7as clim\u00e1ticas sobre a regi\u00e3o da \u00c1sia Central.<\/p>\n\n\n\n<p>Ao mesmo tempo, a popula\u00e7\u00e3o da capital explodiu ap\u00f3s anos de conflito e migra\u00e7\u00e3o interna. Estima-se que entre 6 e 7 milh\u00f5es de pessoas vivam hoje na cidade, muitas em bairros sem rede p\u00fablica de \u00e1gua. Cerca de 90 por cento dos moradores dependem de po\u00e7os perfurados, que est\u00e3o secando rapidamente.<\/p>\n\n\n\n<p>Outra parte do problema est\u00e1 na governan\u00e7a da \u00e1gua. Depois do retorno do Talib\u00e3 ao poder, em 2021, boa parte da ajuda internacional foi suspensa e projetos de infraestrutura ficaram parados. De acordo com a Mercy Corps e com ag\u00eancias da ONU, o setor de \u00e1gua e saneamento opera hoje com uma fra\u00e7\u00e3o dos recursos necess\u00e1rios.<\/p>\n\n\n\n<p>A crise n\u00e3o \u00e9 s\u00f3 de quantidade, mas tamb\u00e9m de qualidade. Estudos apontam que at\u00e9 80 por cento da \u00e1gua subterr\u00e2nea em Cabul est\u00e1 contaminada por esgoto, saliniza\u00e7\u00e3o e metais como o ars\u00eanio. Segundo o UNICEF,&nbsp;<strong>oito em cada dez afeg\u00e3os consomem \u00e1gua impr\u00f3pria<\/strong>, o que eleva casos de diarreia, c\u00f3lera e outras doen\u00e7as de veicula\u00e7\u00e3o h\u00eddrica.<\/p>\n\n\n\n<h3 class=\"wp-block-heading\" id=\"h-pocos-secando-agua-cara-e-desigualdade-no-acesso\">Po\u00e7os secando, \u00e1gua cara e desigualdade no acesso<\/h3>\n\n\n\n<p>\u00c0 medida que o len\u00e7ol fre\u00e1tico desce, po\u00e7os tradicionais deixam de alcan\u00e7ar \u00e1gua. Reportagens locais indicam que quase metade dos po\u00e7os perfurados na cidade j\u00e1 secou ou opera com vaz\u00e3o muito baixa. Fam\u00edlias chegam a gastar at\u00e9 30 por cento da renda apenas para comprar \u00e1gua de caminh\u00f5es ou empresas privadas, muitas vezes sem garantia de potabilidade.<\/p>\n\n\n\n<p>Essa conta pesa mais para os mais pobres, que vivem em assentamentos informais e n\u00e3o t\u00eam liga\u00e7\u00e3o com redes formais de abastecimento. Em muitos bairros, mulheres e crian\u00e7as caminham longas dist\u00e2ncias para encher baldes em fontes comunit\u00e1rias superlotadas. Organiza\u00e7\u00f5es humanit\u00e1rias alertam que a&nbsp;<strong>crise h\u00eddrica em Cabul j\u00e1 \u00e9 tamb\u00e9m uma crise humanit\u00e1ria<\/strong>.<\/p>\n\n\n\n<h3 class=\"wp-block-heading\" id=\"h-o-que-outras-cidades-fizeram-para-evitar-o-dia-zero\">O que outras cidades fizeram para evitar o \u201cDia Zero\u201d<\/h3>\n\n\n\n<p>Situa\u00e7\u00f5es extremas como essa n\u00e3o s\u00e3o exclusivas do Afeganist\u00e3o. Entre 2015 e 2018, Cidade do Cabo, na \u00c1frica do Sul, chegou perto do chamado \u201cDia Zero\u201d, quando torneiras seriam fechadas para quase 4,6 milh\u00f5es de moradores. Estudos descrevem aquele epis\u00f3dio como resultado de uma seca hist\u00f3rica somada a falhas de gest\u00e3o, revertido apenas com forte racionamento e campanhas de mobiliza\u00e7\u00e3o.<\/p>\n\n\n\n<p>Em 2019, Chennai, na \u00cdndia, tamb\u00e9m viu seus quatro principais reservat\u00f3rios praticamente secarem. A cidade declarou seu pr\u00f3prio \u201cDia Zero\u201d, e milhares de pessoas passaram a depender de caminh\u00f5es-pipa, formando filas de horas para conseguir alguns litros. Especialistas apontam o excesso de bombeamento de \u00e1gua subterr\u00e2nea e a falta de prote\u00e7\u00e3o das \u00e1reas de recarga como fatores decisivos.<\/p>\n\n\n\n<p>O Brasil tamb\u00e9m tem exemplos recentes de colapso h\u00eddrico \u00e0 beira do limite. A crise de 2014 e 2015 em S\u00e3o Paulo levou o Sistema Cantareira a operar com apenas 3 a 5 por cento da capacidade, o pior n\u00edvel em 125 anos, for\u00e7ando o uso de \u201cvolume morto\u201d e medidas emergenciais de economia. Pesquisas e relat\u00f3rios da Ag\u00eancia Nacional de \u00c1guas e de institui\u00e7\u00f5es acad\u00eamicas mostram que a combina\u00e7\u00e3o de seca severa, expans\u00e3o urbana e planejamento falho tornou a regi\u00e3o metropolitana altamente vulner\u00e1vel.<\/p>\n\n\n\n<h3 class=\"wp-block-heading\" id=\"h-licoes-de-cabul-para-o-brasil-e-para-outras-metropoles\">Li\u00e7\u00f5es de Cabul para o Brasil e para outras metr\u00f3poles<\/h3>\n\n\n\n<p>No caso de Cabul, especialistas destacam tr\u00eas aprendizados urgentes. Primeiro, o uso descontrolado da \u00e1gua subterr\u00e2nea pode tornar cidades inteiras invi\u00e1veis em poucas d\u00e9cadas. Segundo, infraestrutura inadequada acelera o esgotamento dos recursos naturais e deixa popula\u00e7\u00f5es inteiras expostas \u00e0 inseguran\u00e7a h\u00eddrica e sanit\u00e1ria.<\/p>\n\n\n\n<p>Terceiro, planejamento de longo prazo e educa\u00e7\u00e3o da popula\u00e7\u00e3o s\u00e3o ferramentas centrais para evitar o colapso. Medidas como prote\u00e7\u00e3o das \u00e1reas de recarga, controle da perfura\u00e7\u00e3o de po\u00e7os, reaproveitamento de \u00e1gua de chuva e reuso de efluentes tratados aparecem como prioridades em estudos de organiza\u00e7\u00f5es internacionais. No caso de Cabul, at\u00e9 projetos de adu\u00e7\u00e3o de \u00e1gua de rios vizinhos, como o Panjshir, esbarram na falta de financiamento e na instabilidade pol\u00edtica.<\/p>\n\n\n\n<p>Para o Brasil, que costuma se enxergar como um pa\u00eds \u201crico em \u00e1gua\u201d, o cen\u00e1rio afeg\u00e3o \u00e9 um alerta. Relat\u00f3rios da ANA estimam que, entre 2013 e 2016, secas e estiagens atingiram cerca de&nbsp;<strong>48 milh\u00f5es de pessoas<\/strong>, com 84 por cento dos afetados vivendo no Nordeste. A crise de S\u00e3o Paulo mostrou que nem grandes metr\u00f3poles est\u00e3o livres de racionamento quando a gest\u00e3o de recursos h\u00eddricos n\u00e3o acompanha o clima e o crescimento urbano.<\/p>\n\n\n\n<p>Cidades brasileiras de todos os portes podem aprender com o que acontece hoje em Cabul. Investir em redes de distribui\u00e7\u00e3o mais eficientes, monitorar aqu\u00edferos, proteger mananciais e incluir as periferias no planejamento de abastecimento reduz o risco de um \u201cDia Zero\u201d tropical. Sem essas mudan\u00e7as, a imagem de uma capital inteira contando os dias at\u00e9 a \u00faltima gota deixa de ser um problema distante e passa a ser um futuro poss\u00edvel.<\/p>\n\n\n\n<p><mark>Voc\u00ea acredita que o Brasil corre&nbsp;<strong>risco real de ver alguma grande<\/strong><\/mark><\/p>\n\n\n\n<p><strong>cidade chegar perto do que Cabul est\u00e1 vivendo<\/strong>, ou considera esse cen\u00e1rio exagerado? Na sua opini\u00e3o, pesa mais a responsabilidade dos governos, das empresas de saneamento ou do consumo di\u00e1rio de cada um de n\u00f3s na crise h\u00eddrica? Deixe seu coment\u00e1rio.<\/p>\n\n\n\n<p><strong>Fonte Clic Petr\u00f3le e G\u00e1s &#8211; Escrito por<\/strong><strong>&nbsp; <\/strong><strong><a href=\"https:\/\/clickpetroleoegas.com.br\/author\/geovanebdo\/\">Geovane Souza<\/a><\/strong><\/p>\n","protected":false},"excerpt":{"rendered":"<p>Com 6 milh\u00f5es de habitantes, pode ser a primeira cidade do mundo a ficar sem \u00e1gua e especialistas estimam que, mantido o ritmo atual, o abastecimento pode acabar antes de 2030 em Cabul De acordo com um relat\u00f3rio da ONG Mercy Corps publicado em 2025, os len\u00e7\u00f3is fre\u00e1ticos da regi\u00e3o [&hellip;]<\/p>\n","protected":false},"author":1,"featured_media":3139,"comment_status":"open","ping_status":"open","sticky":false,"template":"","format":"standard","meta":{"footnotes":""},"categories":[257],"tags":[715,718,716,719,720,717],"class_list":{"0":"post-3138","1":"post","2":"type-post","3":"status-publish","4":"format-standard","5":"has-post-thumbnail","7":"category-mundo","8":"tag-cabul","9":"tag-dia-zero","10":"tag-falta-dagua","11":"tag-ong-mercy-corps","12":"tag-pocos-perfurados","13":"tag-sede"},"_links":{"self":[{"href":"https:\/\/cristalvoxnews.com.br\/index.php?rest_route=\/wp\/v2\/posts\/3138","targetHints":{"allow":["GET"]}}],"collection":[{"href":"https:\/\/cristalvoxnews.com.br\/index.php?rest_route=\/wp\/v2\/posts"}],"about":[{"href":"https:\/\/cristalvoxnews.com.br\/index.php?rest_route=\/wp\/v2\/types\/post"}],"author":[{"embeddable":true,"href":"https:\/\/cristalvoxnews.com.br\/index.php?rest_route=\/wp\/v2\/users\/1"}],"replies":[{"embeddable":true,"href":"https:\/\/cristalvoxnews.com.br\/index.php?rest_route=%2Fwp%2Fv2%2Fcomments&post=3138"}],"version-history":[{"count":1,"href":"https:\/\/cristalvoxnews.com.br\/index.php?rest_route=\/wp\/v2\/posts\/3138\/revisions"}],"predecessor-version":[{"id":3140,"href":"https:\/\/cristalvoxnews.com.br\/index.php?rest_route=\/wp\/v2\/posts\/3138\/revisions\/3140"}],"wp:featuredmedia":[{"embeddable":true,"href":"https:\/\/cristalvoxnews.com.br\/index.php?rest_route=\/wp\/v2\/media\/3139"}],"wp:attachment":[{"href":"https:\/\/cristalvoxnews.com.br\/index.php?rest_route=%2Fwp%2Fv2%2Fmedia&parent=3138"}],"wp:term":[{"taxonomy":"category","embeddable":true,"href":"https:\/\/cristalvoxnews.com.br\/index.php?rest_route=%2Fwp%2Fv2%2Fcategories&post=3138"},{"taxonomy":"post_tag","embeddable":true,"href":"https:\/\/cristalvoxnews.com.br\/index.php?rest_route=%2Fwp%2Fv2%2Ftags&post=3138"}],"curies":[{"name":"wp","href":"https:\/\/api.w.org\/{rel}","templated":true}]}}