{"id":3135,"date":"2025-12-05T17:52:06","date_gmt":"2025-12-05T20:52:06","guid":{"rendered":"https:\/\/cristalvoxnews.com.br\/?p=3135"},"modified":"2025-12-05T17:54:47","modified_gmt":"2025-12-05T20:54:47","slug":"governo-trump-afirma-que-a-europa-enfrenta-um-apagamento-civilizacional","status":"publish","type":"post","link":"https:\/\/cristalvoxnews.com.br\/?p=3135","title":{"rendered":"Governo Trump afirma que a Europa enfrenta um &#8220;apagamento civilizacional&#8221;"},"content":{"rendered":"\n<p><strong>O objetivo dos Estados Unidos deve ser &#8220;ajudar a Europa a corrigir sua trajet\u00f3ria atual&#8221;, afirmou o governo em sua nova Estrat\u00e9gia de Seguran\u00e7a Nacional.<\/strong><\/p>\n\n\n\n<p>Fonte: NYT &#8211;&nbsp; <strong>By&nbsp;<\/strong><a href=\"https:\/\/www.nytimes.com\/by\/michael-d-shear\"><strong>Michael D. Shear<\/strong><\/a><a href=\"https:\/\/www.nytimes.com\/by\/jeanna-smialek\"><strong>Jeanna Smialek<\/strong><\/a><strong>&nbsp;and&nbsp;<\/strong><a href=\"https:\/\/www.nytimes.com\/by\/lara-jakes\"><strong>Lara Jakes<\/strong><\/a><\/p>\n\n\n\n<p>Na sexta-feira, o governo Trump afirmou que a Europa enfrentava a &#8220;sombria perspectiva de apagamento civilizacional&#8221; e prometeu que os Estados Unidos apoiariam&nbsp;<a href=\"https:\/\/www.nytimes.com\/2025\/09\/20\/world\/europe\/trump-europe-far-right.html?smid=nytcore-ios-share&amp;referringSource=articleShare\">partidos &#8220;patri\u00f3ticos&#8221; com ideias semelhantes<\/a>&nbsp;em todo o continente para evitar um futuro em que &#8220;certos membros da OTAN se tornem majoritariamente n\u00e3o europeus&#8221;.<\/p>\n\n\n\n<p>A avalia\u00e7\u00e3o sombria sobre o futuro da Europa foi divulgada durante a noite como parte de uma&nbsp;<a href=\"https:\/\/www.whitehouse.gov\/wp-content\/uploads\/2025\/12\/2025-National-Security-Strategy.pdf\" target=\"_blank\" rel=\"noreferrer noopener\">atualiza\u00e7\u00e3o anual<\/a>&nbsp;da estrat\u00e9gia de seguran\u00e7a nacional dos Estados Unidos em todo o mundo.<\/p>\n\n\n\n<p>Sem mencion\u00e1-los diretamente, o documento afirma que os Estados Unidos deveriam &#8220;cultivar a resist\u00eancia&#8221; em toda a Europa, apoiando partidos pol\u00edticos que lutam contra a imigra\u00e7\u00e3o e promovem o nacionalismo. Isso descreve v\u00e1rios partidos populistas de direita, como o Reform UK, na Gr\u00e3-Bretanha, e o Alternativa para a Alemanha (AfD), classificado&nbsp;<a href=\"https:\/\/www.nytimes.com\/2025\/05\/02\/world\/europe\/germany-afd-far-right-extremist.html\">como<\/a>&nbsp;partido extremista pelos servi\u00e7os de intelig\u00eancia alem\u00e3es.<\/p>\n\n\n\n<p>\u201cEm tudo o que fazemos, colocamos a Am\u00e9rica em primeiro lugar\u201d, escreveu Trump no pref\u00e1cio do documento, que ele chamou de \u201croteiro para garantir que os Estados Unidos continuem sendo a maior e mais bem-sucedida na\u00e7\u00e3o da hist\u00f3ria da humanidade\u201d.<\/p>\n\n\n\n<p>Em uma se\u00e7\u00e3o intitulada &#8220;Promovendo a Grandeza Europeia&#8221;, o documento oferece uma cr\u00edtica contundente aos aliados mais pr\u00f3ximos dos Estados Unidos.<\/p>\n\n\n\n<p>O documento alerta que a Europa est\u00e1 a caminho de se tornar \u201cirreconhec\u00edvel\u201d devido a pol\u00edticas migrat\u00f3rias que, segundo ele, est\u00e3o a minar as identidades nacionais dos pa\u00edses europeus. E afirma que a pol\u00edtica dos Estados Unidos deveria ser a de ajudar a Europa a \u201ccorrigir a sua trajet\u00f3ria atual\u201d ao longo das pr\u00f3ximas d\u00e9cadas.<\/p>\n\n\n\n<p>\u201cQueremos que a Europa continue sendo europeia, que recupere sua autoconfian\u00e7a civilizacional e que abandone seu foco fracassado na sufoca\u00e7\u00e3o regulat\u00f3ria\u201d,&nbsp;diz o&nbsp;<a href=\"https:\/\/www.whitehouse.gov\/wp-content\/uploads\/2025\/12\/2025-National-Security-Strategy.pdf\" target=\"_blank\" rel=\"noreferrer noopener\">documento de 33 p\u00e1ginas .<\/a><\/p>\n\n\n\n<p>O Sr. Trump n\u00e3o escondeu seu desprezo pela lideran\u00e7a pol\u00edtica na Europa e pressionou repetidamente esses l\u00edderes para que cedessem \u00e0 sua vontade em rela\u00e7\u00e3o ao financiamento da OTAN, ao com\u00e9rcio e \u00e0s tarifas. O vice-presidente JD Vance fez uma ampla cr\u00edtica aos principais partidos pol\u00edticos europeus em um&nbsp;<a href=\"https:\/\/www.nytimes.com\/2025\/02\/14\/world\/europe\/vance-europe-immigration-ukraine.html\">discurso em Munique, em fevereiro<\/a>&nbsp;, e os instou a acabar com o isolamento dos partidos de extrema-direita em todo o continente.<\/p>\n\n\n\n<p>Mas o documento divulgado durante a noite \u00e9 a declara\u00e7\u00e3o mais clara at\u00e9 agora de como o presidente quer que sua pol\u00edtica externa &#8220;Am\u00e9rica Primeiro&#8221; seja um chamado para que outros pol\u00edticos nacionalistas reformulem seus sistemas pol\u00edticos. E ecoa parte da linguagem da&nbsp;<a href=\"https:\/\/www.nytimes.com\/2022\/05\/15\/us\/replacement-theory-shooting-tucker-carlson.html\">Teoria da Grande Substitui\u00e7\u00e3o<\/a>&nbsp;, uma teoria da conspira\u00e7\u00e3o nacionalista abra\u00e7ada por alguns de seus principais assessores, que alerta para um esfor\u00e7o deliberado para substituir pessoas brancas por imigrantes n\u00e3o brancos.<\/p>\n\n\n\n<p>O documento acusa a Uni\u00e3o Europeia e outros \u201corganismos transnacionais\u201d de minarem a liberdade e a soberania, censurarem a liberdade de express\u00e3o e atropelarem os princ\u00edpios b\u00e1sicos da democracia para suprimir a oposi\u00e7\u00e3o pol\u00edtica.<\/p>\n\n\n\n<p>\u201cA crescente influ\u00eancia dos partidos patri\u00f3ticos europeus \u00e9, de fato, motivo de grande otimismo\u201d, afirma o documento. \u201cNosso objetivo deve ser ajudar a Europa a corrigir sua trajet\u00f3ria atual.\u201d<\/p>\n\n\n\n<p>Poucas horas ap\u00f3s sua divulga\u00e7\u00e3o, o documento j\u00e1 provocava fortes rea\u00e7\u00f5es em toda a Europa.<\/p>\n\n\n\n<p>Johann Wadephul, ministro das Rela\u00e7\u00f5es Exteriores da Alemanha,&nbsp;<a href=\"https:\/\/www.youtube.com\/watch?v=FaiX5Z63iiQ\" target=\"_blank\" rel=\"noreferrer noopener\">respondeu<\/a>&nbsp;na sexta-feira dizendo que a Alemanha n\u00e3o &#8220;acredita que precisemos de conselhos de qualquer pa\u00eds ou partido nesse sentido&#8221;.<\/p>\n\n\n\n<p>Ele declarou a jornalistas em Berlim que os Estados Unidos eram o aliado mais importante da Alemanha na OTAN, mas que &#8220;quest\u00f5es como liberdade de express\u00e3o, liberdade de opini\u00e3o e como organizamos nossa sociedade liberal aqui na Rep\u00fablica Federal da Alemanha n\u00e3o fazem parte disso&#8221;.<\/p>\n\n\n\n<p>\u201c\u00c9 um ataque frontal \u00e0 Uni\u00e3o Europeia\u201d, disse Brando Benifei, eurodeputado italiano que preside a delega\u00e7\u00e3o para as rela\u00e7\u00f5es com os Estados Unidos. Ele classificou o documento como \u201ctotalmente inaceit\u00e1vel\u201d, repleto de \u201cfrases extremistas e chocantes\u201d, e afirmou que algumas de suas declara\u00e7\u00f5es equivaliam a apelos diretos \u00e0 interfer\u00eancia eleitoral.<\/p>\n\n\n\n<p>As mais recentes cr\u00edticas dos Estados Unidos \u00e0 Europa surgiram num dia em que as tens\u00f5es transatl\u00e2nticas j\u00e1 estavam elevadas. A Uni\u00e3o Europeia anunciou na sexta-feira que multaria a X, plataforma de redes sociais pertencente a Elon Musk, em 140 milh\u00f5es de d\u00f3lares por&nbsp;<a href=\"https:\/\/www.nytimes.com\/2025\/12\/05\/technology\/eu-elon-musk-x-140-million-fine.html\">violar as regras de transpar\u00eancia do bloco<\/a>&nbsp;, incluindo o que chamou de&nbsp;<a href=\"https:\/\/ec.europa.eu\/commission\/presscorner\/detail\/en\/ip_25_2934\" target=\"_blank\" rel=\"noreferrer noopener\">&#8220;design enganoso&#8221;<\/a>&nbsp;do seu selo azul de verifica\u00e7\u00e3o para contas verificadas.<\/p>\n\n\n\n<p>\u00c0 medida que os rumores sobre a multa circulavam na quinta-feira, o Sr. Vance criticou a Uni\u00e3o Europeia pela esperada medida, escrevendo no X que o bloco deveria estar &#8220;apoiando a liberdade de express\u00e3o, n\u00e3o atacando empresas americanas por causa de lixo&#8221;.<\/p>\n\n\n\n<p>A abordagem da administra\u00e7\u00e3o em rela\u00e7\u00e3o \u00e0 Europa, conforme descrita no documento estrat\u00e9gico, contrastava fortemente com a forma como afirmava que trataria alguns pa\u00edses em outras partes do mundo.<\/p>\n\n\n\n<p>Uma se\u00e7\u00e3o do documento intitulada &#8220;Oriente M\u00e9dio: Transferir Fardos, Construir a Paz&#8221; argumenta que, embora os Estados Unidos devam &#8220;continuar a encorajar&#8221; os pa\u00edses da regi\u00e3o a combater o radicalismo, n\u00e3o devem interferir excessivamente em seus assuntos internos.<\/p>\n\n\n\n<p>O documento defende o \u201cabandono da experi\u00eancia equivocada dos Estados Unidos de pressionar essas na\u00e7\u00f5es \u2014 especialmente as monarquias do Golfo \u2014 a abandonar suas tradi\u00e7\u00f5es e formas hist\u00f3ricas de governo\u201d, acrescentando: \u201cDevemos encorajar e aplaudir a reforma quando e onde ela surgir organicamente, sem tentar imp\u00f4-la de fora\u201d.<\/p>\n\n\n\n<p>O documento acrescenta que o crucial para uma pol\u00edtica bem-sucedida no Oriente M\u00e9dio \u00e9 &#8220;aceitar a regi\u00e3o, seus l\u00edderes e suas na\u00e7\u00f5es como eles s\u00e3o&#8221; e n\u00e3o menciona quest\u00f5es de direitos humanos como o tratamento dado \u00e0s mulheres ou o assassinato de um colunista do Washington Post, que a CIA acredita ter sido aprovado pelo pr\u00edncipe herdeiro Mohammed bin Salman, da Ar\u00e1bia Saudita. Continue lendo em <a href=\"https:\/\/www.nytimes.com\/2025\/12\/05\/world\/europe\/trump-europe.html\">https:\/\/www.nytimes.com\/2025\/12\/05\/world\/europe\/trump-europe.html<\/a><\/p>\n\n\n\n<p><\/p>\n","protected":false},"excerpt":{"rendered":"<p>O objetivo dos Estados Unidos deve ser &#8220;ajudar a Europa a corrigir sua trajet\u00f3ria atual&#8221;, afirmou o governo em sua nova Estrat\u00e9gia de Seguran\u00e7a Nacional. Fonte: NYT &#8211;&nbsp; By&nbsp;Michael D. ShearJeanna Smialek&nbsp;and&nbsp;Lara Jakes Na sexta-feira, o governo Trump afirmou que a Europa enfrentava a &#8220;sombria perspectiva de apagamento civilizacional&#8221; e [&hellip;]<\/p>\n","protected":false},"author":1,"featured_media":3136,"comment_status":"open","ping_status":"open","sticky":false,"template":"","format":"standard","meta":{"footnotes":""},"categories":[257],"tags":[714,276,281,385,585,547],"class_list":{"0":"post-3135","1":"post","2":"type-post","3":"status-publish","4":"format-standard","5":"has-post-thumbnail","7":"category-mundo","8":"tag-america","9":"tag-china","10":"tag-estados-unidos","11":"tag-otan","12":"tag-sudeste-asiatico","13":"tag-trump"},"_links":{"self":[{"href":"https:\/\/cristalvoxnews.com.br\/index.php?rest_route=\/wp\/v2\/posts\/3135","targetHints":{"allow":["GET"]}}],"collection":[{"href":"https:\/\/cristalvoxnews.com.br\/index.php?rest_route=\/wp\/v2\/posts"}],"about":[{"href":"https:\/\/cristalvoxnews.com.br\/index.php?rest_route=\/wp\/v2\/types\/post"}],"author":[{"embeddable":true,"href":"https:\/\/cristalvoxnews.com.br\/index.php?rest_route=\/wp\/v2\/users\/1"}],"replies":[{"embeddable":true,"href":"https:\/\/cristalvoxnews.com.br\/index.php?rest_route=%2Fwp%2Fv2%2Fcomments&post=3135"}],"version-history":[{"count":1,"href":"https:\/\/cristalvoxnews.com.br\/index.php?rest_route=\/wp\/v2\/posts\/3135\/revisions"}],"predecessor-version":[{"id":3137,"href":"https:\/\/cristalvoxnews.com.br\/index.php?rest_route=\/wp\/v2\/posts\/3135\/revisions\/3137"}],"wp:featuredmedia":[{"embeddable":true,"href":"https:\/\/cristalvoxnews.com.br\/index.php?rest_route=\/wp\/v2\/media\/3136"}],"wp:attachment":[{"href":"https:\/\/cristalvoxnews.com.br\/index.php?rest_route=%2Fwp%2Fv2%2Fmedia&parent=3135"}],"wp:term":[{"taxonomy":"category","embeddable":true,"href":"https:\/\/cristalvoxnews.com.br\/index.php?rest_route=%2Fwp%2Fv2%2Fcategories&post=3135"},{"taxonomy":"post_tag","embeddable":true,"href":"https:\/\/cristalvoxnews.com.br\/index.php?rest_route=%2Fwp%2Fv2%2Ftags&post=3135"}],"curies":[{"name":"wp","href":"https:\/\/api.w.org\/{rel}","templated":true}]}}