{"id":3132,"date":"2025-12-05T17:48:54","date_gmt":"2025-12-05T20:48:54","guid":{"rendered":"https:\/\/cristalvoxnews.com.br\/?p=3132"},"modified":"2025-12-11T15:56:25","modified_gmt":"2025-12-11T18:56:25","slug":"alexandre-de-moraes-e-heroi-em-lista-dos-25-mais-influentes-do-ano-do-financial-times","status":"publish","type":"post","link":"https:\/\/cristalvoxnews.com.br\/?p=3132","title":{"rendered":"Alexandre de Moraes \u00e9 &#8216;her\u00f3i&#8217; em lista dos 25 mais influentes do ano do Financial Times"},"content":{"rendered":"\n<p><strong>O jornal brit\u00e2nico Financial Times incluiu o ministro do Supremo Tribunal Federal (STF)\u00a0<a href=\"https:\/\/www.bbc.com\/portuguese\/topics\/cvjp2jw7y40t\">Alexandre de Moraes<\/a>\u00a0na sua lista de pessoas mais influentes de 2025, que foi publicada nesta sexta-feira (5\/12).<\/strong><\/p>\n\n\n\n<p>Moraes aparece na lista ao lado de nomes como a cantora Rosal\u00eda, o ator Stephen Graham, a atriz Jane Fonda, o rapper Bad Bunny, o presidente da NVidia, Jensen Huang, o bilion\u00e1rio Peter Thiel, o prefeito eleito de Nova York, Zohran Mamdani, o pol\u00edtico brit\u00e2nico Nigel Farage, o CEO da Goldman e Sachs, David Solomon, e a escritora Margaret Atwood, entre outros.<\/p>\n\n\n\n<p>&#8220;A lista re\u00fane pessoas dos mundos da pol\u00edtica, neg\u00f3cios, m\u00eddia, artes e esportes, cujo talento, descobertas, ideias e exemplos est\u00e3o transformando o mundo em que vivemos. E convidamos as pessoas mais influentes em seus setores, al\u00e9m de f\u00e3s de diferentes ind\u00fastrias, para escrever sobre os indicados&#8221;, afirma o Financial Times.<\/p>\n\n\n\n<p>A lista \u00e9 dividida em tr\u00eas categorias: &#8220;criadores&#8221;, &#8220;l\u00edderes&#8221; e &#8220;her\u00f3is&#8221;. Moraes \u00e9 listado na categoria &#8220;her\u00f3i&#8221;.<\/p>\n\n\n\n<p>&#8220;Numa \u00e9poca em que muitos tribunais supremos capitularam ao poder dos autocratas, em que as institui\u00e7\u00f5es democr\u00e1ticas demonstraram fragilidade diante de l\u00edderes populistas e de extrema-direita, um ministro brasileiro se destaca&#8221;, afirma o texto no Financial Times que \u00e9 assinado pela historiadora brasileira Lilia Moritz Schwarcz.<\/p>\n\n\n\n<p>&#8220;Em 2025, Alexandre de Moraes tornou-se um s\u00edmbolo da democracia e da justi\u00e7a no Brasil. Juntamente com seus colegas da Primeira Turma do Supremo Tribunal Federal, ele se recusou a apoiar a tentativa de golpe de Estado ocorrida em 8 de janeiro de 2023. Ap\u00f3s um julgamento p\u00fablico e transparente, transmitido em todo o pa\u00eds,&nbsp;<a href=\"https:\/\/www.bbc.com\/portuguese\/articles\/c70931r9njeo\">o ex-presidente Jair Bolsonaro e diversos oficiais de alta patente das For\u00e7as Armadas foram presos<\/a>.&#8221;<\/p>\n\n\n\n<p>A historiadora destaca ainda que a &#8220;disposi\u00e7\u00e3o de Moraes em confrontar ataques ao sistema eleitoral, desmantelar redes de desinforma\u00e7\u00e3o e responsabilizar figuras p\u00fablicas fortaleceu o entendimento coletivo no Brasil de que a Constitui\u00e7\u00e3o n\u00e3o \u00e9 mera formalidade&#8221;.<\/p>\n\n\n\n<p>Mas diz tamb\u00e9m que existe uma &#8220;tens\u00e3o entre firmeza e excesso&#8221;, com decis\u00f5es cada vez mais centralizadas e uso de &#8220;instrumentos legais excepcionais&#8221;.<\/p>\n\n\n\n<p>&#8220;Em 2025, Alexandre de Moraes tornou-se um s\u00edmbolo da democracia e da justi\u00e7a no Brasil. Juntamente com seus colegas da Primeira Turma do Supremo Tribunal Federal, ele se recusou a apoiar a tentativa de golpe de Estado ocorrida em 8 de janeiro de 2023. Ap\u00f3s um julgamento p\u00fablico e transparente, transmitido em todo o pa\u00eds,&nbsp;<a href=\"https:\/\/www.bbc.com\/portuguese\/articles\/c70931r9njeo\">o ex-presidente Jair Bolsonaro e diversos oficiais de alta patente das For\u00e7as Armadas foram presos<\/a>.&#8221;<\/p>\n\n\n\n<p>A historiadora destaca ainda que a &#8220;disposi\u00e7\u00e3o de Moraes em confrontar ataques ao sistema eleitoral, desmantelar redes de desinforma\u00e7\u00e3o e responsabilizar figuras p\u00fablicas fortaleceu o entendimento coletivo no Brasil de que a Constitui\u00e7\u00e3o n\u00e3o \u00e9 mera formalidade&#8221;.<\/p>\n\n\n\n<p>Mas diz tamb\u00e9m que existe uma &#8220;tens\u00e3o entre firmeza e excesso&#8221;, com decis\u00f5es cada vez mais centralizadas e uso de &#8220;instrumentos legais excepcionais&#8221;.<\/p>\n\n\n\n<p>&#8220;Em democracias, o poder deve sempre estar sujeito a contrapesos, mesmo quando exercido em nome da prote\u00e7\u00e3o. Manter-se atento aos riscos inerentes ao exerc\u00edcio de poderes t\u00e3o amplos faz parte da pr\u00e1tica democr\u00e1tica que Moraes ajudou a salvaguardar&#8221;, afirma o texto.<\/p>\n\n\n\n<p>Schwarcz escreve no Financial Times que &#8220;a luta pela democracia continua&#8221;.<\/p>\n\n\n\n<p>&#8220;No Brasil, pelo menos, este ano mostrou como institui\u00e7\u00f5es robustas podem resistir ao populismo autorit\u00e1rio que aflige uma era que se autodenomina moderna, mas que carrega em si todas as formas de barb\u00e1rie&#8221;, conclui.<\/p>\n\n\n\n<p>A lista do Financial Times foi elaborada por rep\u00f3rteres, colunistas e editores do jornal.<\/p>\n\n\n\n<p>&#8220;O que \u00e9 influ\u00eancia? Ao contr\u00e1rio do desempenho financeiro ou das mudan\u00e7as pol\u00edticas, a influ\u00eancia pode ser algo dif\u00edcil de se medir&#8221;, diz o jornal.<\/p>\n\n\n\n<p>&#8220;Para o bem ou para o mal (e deixamos para voc\u00eas, leitores, decidirem), essas 25 pessoas est\u00e3o moldando a maneira como vivemos hoje.&#8221;<\/p>\n\n\n\n<p>As 25 pessoas mais influentes do ano, segundo o Financial Times, s\u00e3o:<\/p>\n\n\n\n<p><strong>Criadores:<\/strong><\/p>\n\n\n\n<ul class=\"wp-block-list\">\n<li>Cynthia Erivo<\/li>\n\n\n\n<li>Jonathan Anderson<\/li>\n\n\n\n<li>Ryan Coogler<\/li>\n\n\n\n<li>Helen Garner<\/li>\n\n\n\n<li>Rosal\u00eda<\/li>\n\n\n\n<li>Stephen Graham<\/li>\n\n\n\n<li>Bad Bunny<\/li>\n<\/ul>\n\n\n\n<p><strong>L\u00edderes:<\/strong><\/p>\n\n\n\n<ul class=\"wp-block-list\">\n<li>Jensen Huang<\/li>\n\n\n\n<li>Susie Wiles<\/li>\n\n\n\n<li>Safra Catz<\/li>\n\n\n\n<li>Blaise Metreweli<\/li>\n\n\n\n<li>Stella Li<\/li>\n\n\n\n<li>Peter Thiel<\/li>\n\n\n\n<li>Zohran Mamdani<\/li>\n\n\n\n<li>Nigel Farage<\/li>\n\n\n\n<li>Margarita Simonyan<\/li>\n\n\n\n<li>David Solomon<\/li>\n\n\n\n<li>Michele Kang<\/li>\n<\/ul>\n\n\n\n<p><strong>Her\u00f3is<\/strong><\/p>\n\n\n\n<ul class=\"wp-block-list\">\n<li>Margaret Atwood<\/li>\n\n\n\n<li>Rory McIlroy<\/li>\n\n\n\n<li>Lotte Bjerre Knudsen<\/li>\n\n\n\n<li>Zak Brown<\/li>\n\n\n\n<li>Jane Fonda<\/li>\n\n\n\n<li>Alexandre de Moraes<\/li>\n\n\n\n<li>Ms Rachel<\/li>\n<\/ul>\n\n\n\n<p>Fonte: BBC<\/p>\n","protected":false},"excerpt":{"rendered":"<p>O jornal brit\u00e2nico Financial Times incluiu o ministro do Supremo Tribunal Federal (STF)\u00a0Alexandre de Moraes\u00a0na sua lista de pessoas mais influentes de 2025, que foi publicada nesta sexta-feira (5\/12). Moraes aparece na lista ao lado de nomes como a cantora Rosal\u00eda, o ator Stephen Graham, a atriz Jane Fonda, o [&hellip;]<\/p>\n","protected":false},"author":1,"featured_media":3133,"comment_status":"open","ping_status":"open","sticky":false,"template":"","format":"standard","meta":{"footnotes":""},"categories":[258],"tags":[364,710,709,707,708],"class_list":{"0":"post-3132","1":"post","2":"type-post","3":"status-publish","4":"format-standard","5":"has-post-thumbnail","7":"category-brasil","8":"tag-alexandre-de-moraes","9":"tag-alexandre-de-moraes-e-heroi","10":"tag-financial-times","11":"tag-jane-fonda","12":"tag-ryan-coogler"},"_links":{"self":[{"href":"https:\/\/cristalvoxnews.com.br\/index.php?rest_route=\/wp\/v2\/posts\/3132","targetHints":{"allow":["GET"]}}],"collection":[{"href":"https:\/\/cristalvoxnews.com.br\/index.php?rest_route=\/wp\/v2\/posts"}],"about":[{"href":"https:\/\/cristalvoxnews.com.br\/index.php?rest_route=\/wp\/v2\/types\/post"}],"author":[{"embeddable":true,"href":"https:\/\/cristalvoxnews.com.br\/index.php?rest_route=\/wp\/v2\/users\/1"}],"replies":[{"embeddable":true,"href":"https:\/\/cristalvoxnews.com.br\/index.php?rest_route=%2Fwp%2Fv2%2Fcomments&post=3132"}],"version-history":[{"count":1,"href":"https:\/\/cristalvoxnews.com.br\/index.php?rest_route=\/wp\/v2\/posts\/3132\/revisions"}],"predecessor-version":[{"id":3134,"href":"https:\/\/cristalvoxnews.com.br\/index.php?rest_route=\/wp\/v2\/posts\/3132\/revisions\/3134"}],"wp:featuredmedia":[{"embeddable":true,"href":"https:\/\/cristalvoxnews.com.br\/index.php?rest_route=\/wp\/v2\/media\/3133"}],"wp:attachment":[{"href":"https:\/\/cristalvoxnews.com.br\/index.php?rest_route=%2Fwp%2Fv2%2Fmedia&parent=3132"}],"wp:term":[{"taxonomy":"category","embeddable":true,"href":"https:\/\/cristalvoxnews.com.br\/index.php?rest_route=%2Fwp%2Fv2%2Fcategories&post=3132"},{"taxonomy":"post_tag","embeddable":true,"href":"https:\/\/cristalvoxnews.com.br\/index.php?rest_route=%2Fwp%2Fv2%2Ftags&post=3132"}],"curies":[{"name":"wp","href":"https:\/\/api.w.org\/{rel}","templated":true}]}}