{"id":3129,"date":"2025-12-05T17:44:13","date_gmt":"2025-12-05T20:44:13","guid":{"rendered":"https:\/\/cristalvoxnews.com.br\/?p=3129"},"modified":"2025-12-05T17:44:14","modified_gmt":"2025-12-05T20:44:14","slug":"governador-de-tocantins-reassume-o-cargo","status":"publish","type":"post","link":"https:\/\/cristalvoxnews.com.br\/?p=3129","title":{"rendered":"Governador de Tocantins reassume o cargo"},"content":{"rendered":"\n<p>O governador Wanderlei Barbosa retomou oficialmente o cargo nesta sexta-feira (05\/12), ap\u00f3s permanecer tr\u00eas meses afastado por decis\u00e3o judicial. O retorno marca um novo cap\u00edtulo na gest\u00e3o estadual e encerra um per\u00edodo de interinidade no Pal\u00e1cio Araguaia.<\/p>\n\n\n\n<p>A decis\u00e3o foi do relator ministro Nunes Marques. \u201cEm face do exposto, sem preju\u00edzo de ulterior reaprecia\u00e7\u00e3o da mat\u00e9ria, defiro medida liminar, para suspender, at\u00e9 o julgamento deste writ, a medida cautelar de afastamento do cargo de Governador de Estado determinada Superior Tribunal\u201d, disse.<\/p>\n\n\n\n<p>Durante o afastamento, o Governo do Tocantins foi conduzido pelo vice-governador Laurez Moreira que manteve a agenda institucional e administrativa enquanto o processo seguia em tramita\u00e7\u00e3o.<\/p>\n\n\n\n<p>Com a decis\u00e3o que revogou o afastamento, Wanderlei Barbosa reassume suas fun\u00e7\u00f5es no Executivo estadual e retoma imediatamente a agenda de trabalho. A expectativa \u00e9 de que, nos pr\u00f3ximos dias, o governador anuncie prioridades para esta nova fase, incluindo alinhamento com secretarias, revis\u00e3o de projetos em andamento e retomada de agendas estrat\u00e9gicas.<\/p>\n\n\n\n<p>A volta de Wanderlei Barbosa movimentou a cena pol\u00edtica tocantinense, que acompanha atentamente os pr\u00f3ximos passos do governo ap\u00f3s o per\u00edodo de afastamento. Fonte: Gazeta do Cerrado<\/p>\n\n\n\n<p>O governador Wanderlei Barbosa retomou oficialmente o cargo nesta sexta-feira (05\/12), ap\u00f3s permanecer tr\u00eas meses afastado por decis\u00e3o judicial. O retorno marca um novo cap\u00edtulo na gest\u00e3o estadual e encerra um per\u00edodo de interinidade no Pal\u00e1cio Araguaia.<\/p>\n\n\n\n<p>A decis\u00e3o foi do relator ministro Nunes Marques. \u201cEm face do exposto, sem preju\u00edzo de ulterior reaprecia\u00e7\u00e3o da mat\u00e9ria, defiro medida liminar, para suspender, at\u00e9 o julgamento deste writ, a medida cautelar de afastamento do cargo de Governador de Estado determinada Superior Tribunal\u201d, disse.<\/p>\n\n\n\n<p>Durante o afastamento, o Governo do Tocantins foi conduzido pelo vice-governador Laurez Moreira que manteve a agenda institucional e administrativa enquanto o processo seguia em tramita\u00e7\u00e3o.<\/p>\n\n\n\n<p>Com a decis\u00e3o que revogou o afastamento, Wanderlei Barbosa reassume suas fun\u00e7\u00f5es no Executivo estadual e retoma imediatamente a agenda de trabalho. A expectativa \u00e9 de que, nos pr\u00f3ximos dias, o governador anuncie prioridades para esta nova fase, incluindo alinhamento com secretarias, revis\u00e3o de projetos em andamento e retomada de agendas estrat\u00e9gicas.<\/p>\n\n\n\n<p>A volta de Wanderlei Barbosa movimentou a cena pol\u00edtica tocantinense, que acompanha atentamente os pr\u00f3ximos passos do governo ap\u00f3s o per\u00edodo de afastamento. Fonte: Gazeta do Cerrado<\/p>\n\n\n\n<p><\/p>\n","protected":false},"excerpt":{"rendered":"<p>O governador Wanderlei Barbosa retomou oficialmente o cargo nesta sexta-feira (05\/12), ap\u00f3s permanecer tr\u00eas meses afastado por decis\u00e3o judicial. O retorno marca um novo cap\u00edtulo na gest\u00e3o estadual e encerra um per\u00edodo de interinidade no Pal\u00e1cio Araguaia. A decis\u00e3o foi do relator ministro Nunes Marques. \u201cEm face do exposto, sem [&hellip;]<\/p>\n","protected":false},"author":1,"featured_media":3130,"comment_status":"open","ping_status":"open","sticky":false,"template":"","format":"standard","meta":{"footnotes":""},"categories":[258],"tags":[705,706,704],"class_list":{"0":"post-3129","1":"post","2":"type-post","3":"status-publish","4":"format-standard","5":"has-post-thumbnail","7":"category-brasil","8":"tag-governador-tocantis","9":"tag-nunes-marques","10":"tag-wanderlei-barbosa"},"_links":{"self":[{"href":"https:\/\/cristalvoxnews.com.br\/index.php?rest_route=\/wp\/v2\/posts\/3129","targetHints":{"allow":["GET"]}}],"collection":[{"href":"https:\/\/cristalvoxnews.com.br\/index.php?rest_route=\/wp\/v2\/posts"}],"about":[{"href":"https:\/\/cristalvoxnews.com.br\/index.php?rest_route=\/wp\/v2\/types\/post"}],"author":[{"embeddable":true,"href":"https:\/\/cristalvoxnews.com.br\/index.php?rest_route=\/wp\/v2\/users\/1"}],"replies":[{"embeddable":true,"href":"https:\/\/cristalvoxnews.com.br\/index.php?rest_route=%2Fwp%2Fv2%2Fcomments&post=3129"}],"version-history":[{"count":1,"href":"https:\/\/cristalvoxnews.com.br\/index.php?rest_route=\/wp\/v2\/posts\/3129\/revisions"}],"predecessor-version":[{"id":3131,"href":"https:\/\/cristalvoxnews.com.br\/index.php?rest_route=\/wp\/v2\/posts\/3129\/revisions\/3131"}],"wp:featuredmedia":[{"embeddable":true,"href":"https:\/\/cristalvoxnews.com.br\/index.php?rest_route=\/wp\/v2\/media\/3130"}],"wp:attachment":[{"href":"https:\/\/cristalvoxnews.com.br\/index.php?rest_route=%2Fwp%2Fv2%2Fmedia&parent=3129"}],"wp:term":[{"taxonomy":"category","embeddable":true,"href":"https:\/\/cristalvoxnews.com.br\/index.php?rest_route=%2Fwp%2Fv2%2Fcategories&post=3129"},{"taxonomy":"post_tag","embeddable":true,"href":"https:\/\/cristalvoxnews.com.br\/index.php?rest_route=%2Fwp%2Fv2%2Ftags&post=3129"}],"curies":[{"name":"wp","href":"https:\/\/api.w.org\/{rel}","templated":true}]}}