{"id":3124,"date":"2025-12-05T17:39:39","date_gmt":"2025-12-05T20:39:39","guid":{"rendered":"https:\/\/cristalvoxnews.com.br\/?p=3124"},"modified":"2025-12-11T15:56:26","modified_gmt":"2025-12-11T18:56:26","slug":"3124","status":"publish","type":"post","link":"https:\/\/cristalvoxnews.com.br\/?p=3124","title":{"rendered":"\u00a0NOVA FAC\u00c7\u00c3O:  Comando Evang\u00e9lico"},"content":{"rendered":"\n<h1 class=\"wp-block-heading\"><strong>A fac\u00e7\u00e3o &#8216;evang\u00e9lica&#8217; que emerge como terceira for\u00e7a do crime organizado do Brasil<\/strong><\/h1>\n\n\n\n<p>Tr\u00eas agentes da&nbsp;<a href=\"https:\/\/www.bbc.com\/portuguese\/topics\/c06gq6kdd49t\">Pol\u00edcia<\/a>&nbsp;Militar (PM) do&nbsp;<a href=\"https:\/\/www.bbc.com\/portuguese\/topics\/c06gq6krk66t\">Rio de Janeiro<\/a>&nbsp;arremessam uma&nbsp;<a href=\"https:\/\/www.bbc.com\/portuguese\/articles\/c2xjx06nv10o\">estrela de Davi<\/a>&nbsp;enorme do alto de uma caixa d&#8217;\u00e1gua em Parada de Lucas, na Zona Norte da cidade.<\/p>\n\n\n\n<p>Fonte BBC &#8211;&nbsp; Camila Veras Mota<\/p>\n\n\n\n<p>At\u00e9 ser destru\u00eddo em uma opera\u00e7\u00e3o da PM no \u00faltimo dia 11 de mar\u00e7o, o s\u00edmbolo de&nbsp;<em>neon<\/em>&nbsp;brilhava forte \u00e0 noite, avisando a quem o avistasse que aquele era o Complexo de Israel: o conjunto de cinco comunidades na zona norte do Rio dominadas pelo Terceiro Comando Puro (TCP), fac\u00e7\u00e3o que nos \u00faltimos anos ficou conhecida pela presen\u00e7a de traficantes que se dizem&nbsp;<a href=\"https:\/\/www.bbc.com\/portuguese\/topics\/cz74k714kywt\">evang\u00e9licos<\/a>.<\/p>\n\n\n\n<p>Na mesma opera\u00e7\u00e3o policial, os agentes demoliram um im\u00f3vel de luxo do chefe do tr\u00e1fico no local, \u00c1lvaro Malaquias Santa Rosa, conhecido como &#8220;Peix\u00e3o&#8221;, um &#8220;<em>resort<\/em>&#8221; erguido em uma \u00e1rea de prote\u00e7\u00e3o ambiental dentro do complexo.<\/p>\n\n\n\n<p>Peix\u00e3o, contudo, n\u00e3o foi preso. Na verdade, ele nunca passou pelo sistema carcer\u00e1rio. Com 39 anos, sua figura \u00e9 cercada de mist\u00e9rios e perguntas em aberto. N\u00e3o se sabe, por exemplo, qual sua hist\u00f3ria de convers\u00e3o. Alguns relatos dizem que ele \u00e9 pastor, outros que virou evang\u00e9lico por causa da m\u00e3e.<\/p>\n\n\n\n<p>Fato \u00e9 que a queda da estrela de Davi no topo da caixa d&#8217;\u00e1gua em Parada de Lucas foi mais simb\u00f3lica do que pr\u00e1tica.<\/p>\n\n\n\n<p>A fac\u00e7\u00e3o, na verdade, est\u00e1 em franca expans\u00e3o, como relatou o coordenador-geral de an\u00e1lise de conjuntura nacional da Ag\u00eancia Brasileira de Intelig\u00eancia (Abin), Pedro Souza Mesquita, em uma reuni\u00e3o da Comiss\u00e3o Mista de Controle das Atividades de Intelig\u00eancia no Congresso no in\u00edcio de novembro.<\/p>\n\n\n\n<p>No \u00faltimo ano, o TCP foi al\u00e9m dos limites do Rio de Janeiro e chegou a Esp\u00edrito Santo, Minas Gerais, Goi\u00e1s, Bahia, Cear\u00e1, Amap\u00e1, Acre, Mato Grosso do Sul e Rio Grande do Sul, conforme o levantamento feito pela Abin.<\/p>\n\n\n\n<p>Um crescimento que, nas palavras de Mesquita, o coloca como &#8220;terceiro grupo emergente no contexto nacional&#8221;, depois do&nbsp;<a href=\"https:\/\/www.bbc.com\/portuguese\/articles\/cx2p9re07p9o\">Comando Vermelho<\/a>&nbsp;(CV), do qual \u00e9 rival declarado, e do&nbsp;<a href=\"https:\/\/www.bbc.com\/portuguese\/articles\/c5yen18603do\">Primeiro Comando da Capital<\/a>&nbsp;(PCC).<\/p>\n\n\n\n<p>Uma das \u00faltimas fronteiras cruzadas pela fac\u00e7\u00e3o foi a do&nbsp;<a href=\"https:\/\/www.bbc.com\/portuguese\/topics\/c5qvpqyq38jt\">Cear\u00e1<\/a>. H\u00e1 cerca de tr\u00eas meses, a estrela de Davi que virou marca do grupo come\u00e7ou a aparecer em locais como Maracana\u00fa, na regi\u00e3o metropolitana de Fortaleza, ao lado de picha\u00e7\u00f5es com dizeres como &#8220;Jesus \u00e9 dono do lugar&#8221;.<\/p>\n\n\n\n<p>Em outubro, correu a not\u00edcia de que pelo menos quatro terreiros de&nbsp;<a href=\"https:\/\/www.bbc.com\/portuguese\/articles\/cz6n542q504o\">umbanda<\/a>&nbsp;na cidade haviam sido fechados a mando da fac\u00e7\u00e3o, que h\u00e1 anos exercita um amplo repert\u00f3rio de pr\u00e1ticas de intoler\u00e2ncia religiosa na zona norte do Rio.<\/p>\n\n\n\n<p>O delegado-geral da Pol\u00edcia Civil do Cear\u00e1, M\u00e1rcio Guti\u00e9rrez, disse \u00e0 BBC News Brasil que os casos ainda est\u00e3o sendo investigados.<\/p>\n\n\n\n<p>Ele afirmou que a presen\u00e7a do TCP no Estado foi identificada pelas autoridades locais em setembro, m\u00eas em que 37 membros do grupo foram presos s\u00f3 na regi\u00e3o metropolitana.<\/p>\n\n\n\n<p>Ainda segundo Guti\u00e9rrez, a entrada do TCP no Cear\u00e1 se deu por meio da alian\u00e7a com uma fac\u00e7\u00e3o local, um expediente tamb\u00e9m bastante utilizado por CV e PCC em seus respectivos processos de nacionaliza\u00e7\u00e3o.<\/p>\n\n\n\n<p>&#8220;Esse \u00e9 o movimento padr\u00e3o de expans\u00e3o das fac\u00e7\u00f5es criminosas, que \u00e9 de incorpora\u00e7\u00e3o dos grupos locais&#8221;, diz Carolina Grillo, coordenadora do Grupo de Estudos dos Novos Ilegalismos da Universidade Federal Fluminense (Geni\/UFF).<\/p>\n\n\n\n<p>&#8220;Pequenas fac\u00e7\u00f5es locais acabam se beneficiando de se aliar a essas grandes fac\u00e7\u00f5es porque elas entram em redes de solidariedade, de contato para compra de drogas, de armas, de suporte em situa\u00e7\u00f5es de rivalidade.&#8221;<\/p>\n\n\n\n<p>No caso cearense, o grupo \u00e9 o Guardi\u00f5es do Estado (GDE), fac\u00e7\u00e3o que ficou conhecida pelos assassinatos violentos de rivais e que, em disputa por territ\u00f3rios com o CV em 2017,&nbsp;<a href=\"https:\/\/www.bbc.com\/portuguese\/brasil-47300152\">transformou a regi\u00e3o metropolitana de Fortaleza na \u00e1rea com maior taxa de homic\u00eddios do pa\u00eds<\/a>, de 86,7 para cada 100 mil habitantes.<\/p>\n\n\n\n<p>Em janeiro de 2018, membros do GDE invadiram uma festa e mataram 14 pessoas, a maior chacina do Estado. Depois disso, em meio a intensa repress\u00e3o de autoridades locais, com a pris\u00e3o de v\u00e1rios l\u00edderes, o grupo entrou em derrocada.<\/p>\n\n\n\n<p>Foi nesse contexto de enfraquecimento que membros da fac\u00e7\u00e3o passaram a aderir ao TCP. Essa aproxima\u00e7\u00e3o, segundo as investiga\u00e7\u00f5es, se deu a partir da migra\u00e7\u00e3o de lideran\u00e7as do GDE do Cear\u00e1 para o Rio de Janeiro, onde tiveram contato com l\u00edderes do TCP e passaram a costurar a alian\u00e7a.<\/p>\n\n\n\n<p>&#8220;A gente tem informa\u00e7\u00f5es de intelig\u00eancia que precisa manter sob sigilo, mas essas lideran\u00e7as t\u00eam papel fundamental. S\u00e3o as pessoas que orientam e que determinam como aquele grupo criminoso vai atuar, as coopera\u00e7\u00f5es e as novas formas de financiamento&#8221;, afirma M\u00e1rcio Guti\u00e9rrez.<\/p>\n\n\n\n<p>Desde setembro, a Pol\u00edcia Civil vem monitorando &#8220;as consequ\u00eancias e desdobramentos dessa alian\u00e7a&#8221;. &#8220;Temos feito diversas capturas e compreendido o m\u00e9todo [de atua\u00e7\u00e3o da fac\u00e7\u00e3o]&#8221;, completa o delegado-geral.<\/p>\n\n\n\n<p>Continue lendo no Link &#8211; &nbsp;<a href=\"https:\/\/www.bbc.com\/portuguese\/articles\/c5yly261j5qo\">https:\/\/www.bbc.com\/portuguese\/articles\/c5yly261j5qo<\/a><\/p>\n","protected":false},"excerpt":{"rendered":"<p>A fac\u00e7\u00e3o &#8216;evang\u00e9lica&#8217; que emerge como terceira for\u00e7a do crime organizado do Brasil Tr\u00eas agentes da&nbsp;Pol\u00edcia&nbsp;Militar (PM) do&nbsp;Rio de Janeiro&nbsp;arremessam uma&nbsp;estrela de Davi&nbsp;enorme do alto de uma caixa d&#8217;\u00e1gua em Parada de Lucas, na Zona Norte da cidade. Fonte BBC &#8211;&nbsp; Camila Veras Mota At\u00e9 ser destru\u00eddo em uma opera\u00e7\u00e3o [&hellip;]<\/p>\n","protected":false},"author":1,"featured_media":3125,"comment_status":"open","ping_status":"open","sticky":false,"template":"","format":"standard","meta":{"footnotes":""},"categories":[258],"tags":[701,647,702,703],"class_list":{"0":"post-3124","1":"post","2":"type-post","3":"status-publish","4":"format-standard","5":"has-post-thumbnail","7":"category-brasil","8":"tag-comando-evangelico","9":"tag-comando-vermelho","10":"tag-crime-organizado","11":"tag-primeiro-comando-da-capital"},"_links":{"self":[{"href":"https:\/\/cristalvoxnews.com.br\/index.php?rest_route=\/wp\/v2\/posts\/3124","targetHints":{"allow":["GET"]}}],"collection":[{"href":"https:\/\/cristalvoxnews.com.br\/index.php?rest_route=\/wp\/v2\/posts"}],"about":[{"href":"https:\/\/cristalvoxnews.com.br\/index.php?rest_route=\/wp\/v2\/types\/post"}],"author":[{"embeddable":true,"href":"https:\/\/cristalvoxnews.com.br\/index.php?rest_route=\/wp\/v2\/users\/1"}],"replies":[{"embeddable":true,"href":"https:\/\/cristalvoxnews.com.br\/index.php?rest_route=%2Fwp%2Fv2%2Fcomments&post=3124"}],"version-history":[{"count":2,"href":"https:\/\/cristalvoxnews.com.br\/index.php?rest_route=\/wp\/v2\/posts\/3124\/revisions"}],"predecessor-version":[{"id":3128,"href":"https:\/\/cristalvoxnews.com.br\/index.php?rest_route=\/wp\/v2\/posts\/3124\/revisions\/3128"}],"wp:featuredmedia":[{"embeddable":true,"href":"https:\/\/cristalvoxnews.com.br\/index.php?rest_route=\/wp\/v2\/media\/3125"}],"wp:attachment":[{"href":"https:\/\/cristalvoxnews.com.br\/index.php?rest_route=%2Fwp%2Fv2%2Fmedia&parent=3124"}],"wp:term":[{"taxonomy":"category","embeddable":true,"href":"https:\/\/cristalvoxnews.com.br\/index.php?rest_route=%2Fwp%2Fv2%2Fcategories&post=3124"},{"taxonomy":"post_tag","embeddable":true,"href":"https:\/\/cristalvoxnews.com.br\/index.php?rest_route=%2Fwp%2Fv2%2Ftags&post=3124"}],"curies":[{"name":"wp","href":"https:\/\/api.w.org\/{rel}","templated":true}]}}