{"id":3121,"date":"2025-12-05T17:27:26","date_gmt":"2025-12-05T20:27:26","guid":{"rendered":"https:\/\/cristalvoxnews.com.br\/?p=3121"},"modified":"2025-12-05T17:27:27","modified_gmt":"2025-12-05T20:27:27","slug":"liminar-de-gilmar-sobre-impeachment-tende-a-ser-confirmada-em-plenario","status":"publish","type":"post","link":"https:\/\/cristalvoxnews.com.br\/?p=3121","title":{"rendered":"Liminar de Gilmar sobre impeachment tende a ser confirmada em plen\u00e1rio"},"content":{"rendered":"\n<p><strong>Decano deve ter apoio da maioria na mudan\u00e7a de regras para afastamento de ministros<\/strong><\/p>\n\n\n\n<p>A liminar do ministro Gilmar Mendes que mudou o rito de impeachment de magistrados da Corte tende a ser confirmada em plen\u00e1rio, no julgamento previsto para come\u00e7ar no pr\u00f3ximo dia 12.<\/p>\n\n\n\n<p>Ministros do STF ouvidos em car\u00e1ter reservado pela&nbsp;<strong>CNN<\/strong>&nbsp;avaliam que podem ser apresentados pontos de diverg\u00eancia, mas n\u00e3o a ponto de derrubar integralmente&nbsp;<a href=\"https:\/\/www.cnnbrasil.com.br\/politica\/entenda-como-funciona-o-processo-de-impeachment-de-um-ministro-do-stf\/\" target=\"_blank\" rel=\"noreferrer noopener\">a decis\u00e3o do decano<\/a>.<\/p>\n\n\n\n<p>O pedido de vista ou de destaque \u00e9 uma prerrogativa de qualquer ministro, mas esse movimento apenas interromperia o julgamento colegiado, sem efeitos pr\u00e1ticos sobre a validade da liminar.<\/p>\n\n\n\n<p>Nos bastidores da Corte, a avalia\u00e7\u00e3o da maioria dos gabinetes \u00e9 de que a chamada&nbsp;<a href=\"https:\/\/www.cnnbrasil.com.br\/politica\/entenda-lei-sobre-impeachment-no-stf-e-o-que-muda-com-a-decisao-de-gilmar\/\" target=\"_blank\" rel=\"noreferrer noopener\">Lei do Impeachment<\/a>, de 1950, de fato precisava ser reinterpretada \u00e0 luz da Constitui\u00e7\u00e3o Federal, que veio 38 anos depois.<\/p>\n\n\n\n<p>Uma ala de ministros n\u00e3o desconsidera a import\u00e2ncia simb\u00f3lica da decis\u00e3o diante de um momento pol\u00edtico em que o impeachment de magistrados foi \u201cbanalizado\u201d e tem sido usado como instrumento de intimida\u00e7\u00e3o do STF.<\/p>\n\n\n\n<p>J\u00e1 para a corrente de magistrados que defende um Supremo mais \u201ccontido\u201d, o ideal seria aprimorar a legisla\u00e7\u00e3o por meio do pr\u00f3prio Congresso Nacional. Essa pode ser uma das discuss\u00f5es travadas na pr\u00f3xima semana.<\/p>\n\n\n\n<p>Parte dos ministros foi surpreendida com a liminar de Gilmar, uma vez que o julgamento de m\u00e9rito sobre a Lei do Impeachment j\u00e1 estava previsto para o dia 12. Segundo essas fontes, a decis\u00e3o monocr\u00e1tica foi desnecess\u00e1ria e s\u00f3 serviu para agravar a crise com o Congresso.<\/p>\n\n\n\n<p>Gilmar estabeleceu que apenas a&nbsp;<a href=\"https:\/\/www.cnnbrasil.com.br\/blogs\/luisa-martins\/politica\/gilmar-determina-que-apenas-pgr-pode-pedir-impeachment-de-ministros-do-stf\/\" target=\"_blank\" rel=\"noreferrer noopener\">PGR (Procuradoria-Geral da Rep\u00fablica)<\/a>&nbsp;pode apresentar den\u00fancia por crime de responsabilidade contra ministro do Supremo. Antes, qualquer cidad\u00e3o poderia faz\u00ea-lo.<\/p>\n\n\n\n<p>Outra altera\u00e7\u00e3o da liminar \u00e9 em rela\u00e7\u00e3o ao qu\u00f3rum necess\u00e1rio no&nbsp;<a href=\"https:\/\/www.cnnbrasil.com.br\/politica\/reacao-do-senado-ao-stf-pode-ir-alem-de-impeachment-e-incluir-mandato-fixo\/\" target=\"_blank\" rel=\"noreferrer noopener\">Senado<\/a>&nbsp;para admitir ou aceitar a den\u00fancia. Antes, era maioria simples. Agora, s\u00e3o necess\u00e1rios pelo menos dois ter\u00e7os.<\/p>\n\n\n\n<p>Um terceiro aspecto trazido pelo decano \u00e9 a proibi\u00e7\u00e3o de que o m\u00e9rito de decis\u00f5es judiciais proferidas por ministros possa ser usado como argumento para denunci\u00e1-los. Esse \u00e9 o ponto de mais consenso entre os magistrados.<\/p>\n\n\n\n<p>Nesta quinta-feira, o ministro Fl\u00e1vio Dino defendeu a revis\u00e3o da lei e disse que a decis\u00e3o de Gilmar significou colocar \u201cuma lente de simetria de como \u00e9 o impeachment de um presidente da Rep\u00fablica\u201d.<\/p>\n\n\n\n<p><\/p>\n","protected":false},"excerpt":{"rendered":"<p>Decano deve ter apoio da maioria na mudan\u00e7a de regras para afastamento de ministros A liminar do ministro Gilmar Mendes que mudou o rito de impeachment de magistrados da Corte tende a ser confirmada em plen\u00e1rio, no julgamento previsto para come\u00e7ar no pr\u00f3ximo dia 12. Ministros do STF ouvidos em [&hellip;]<\/p>\n","protected":false},"author":1,"featured_media":3122,"comment_status":"open","ping_status":"open","sticky":false,"template":"","format":"standard","meta":{"footnotes":""},"categories":[260],"tags":[606,700,699],"class_list":{"0":"post-3121","1":"post","2":"type-post","3":"status-publish","4":"format-standard","5":"has-post-thumbnail","7":"category-justica","8":"tag-gilmar-mendes","9":"tag-impeachment-ministros-stf","10":"tag-liminar"},"_links":{"self":[{"href":"https:\/\/cristalvoxnews.com.br\/index.php?rest_route=\/wp\/v2\/posts\/3121","targetHints":{"allow":["GET"]}}],"collection":[{"href":"https:\/\/cristalvoxnews.com.br\/index.php?rest_route=\/wp\/v2\/posts"}],"about":[{"href":"https:\/\/cristalvoxnews.com.br\/index.php?rest_route=\/wp\/v2\/types\/post"}],"author":[{"embeddable":true,"href":"https:\/\/cristalvoxnews.com.br\/index.php?rest_route=\/wp\/v2\/users\/1"}],"replies":[{"embeddable":true,"href":"https:\/\/cristalvoxnews.com.br\/index.php?rest_route=%2Fwp%2Fv2%2Fcomments&post=3121"}],"version-history":[{"count":1,"href":"https:\/\/cristalvoxnews.com.br\/index.php?rest_route=\/wp\/v2\/posts\/3121\/revisions"}],"predecessor-version":[{"id":3123,"href":"https:\/\/cristalvoxnews.com.br\/index.php?rest_route=\/wp\/v2\/posts\/3121\/revisions\/3123"}],"wp:featuredmedia":[{"embeddable":true,"href":"https:\/\/cristalvoxnews.com.br\/index.php?rest_route=\/wp\/v2\/media\/3122"}],"wp:attachment":[{"href":"https:\/\/cristalvoxnews.com.br\/index.php?rest_route=%2Fwp%2Fv2%2Fmedia&parent=3121"}],"wp:term":[{"taxonomy":"category","embeddable":true,"href":"https:\/\/cristalvoxnews.com.br\/index.php?rest_route=%2Fwp%2Fv2%2Fcategories&post=3121"},{"taxonomy":"post_tag","embeddable":true,"href":"https:\/\/cristalvoxnews.com.br\/index.php?rest_route=%2Fwp%2Fv2%2Ftags&post=3121"}],"curies":[{"name":"wp","href":"https:\/\/api.w.org\/{rel}","templated":true}]}}