{"id":3118,"date":"2025-12-05T17:23:44","date_gmt":"2025-12-05T20:23:44","guid":{"rendered":"https:\/\/cristalvoxnews.com.br\/?p=3118"},"modified":"2025-12-05T17:23:46","modified_gmt":"2025-12-05T20:23:46","slug":"justica-italiana-quer-garantia-de-prisao-segura-para-zambelli","status":"publish","type":"post","link":"https:\/\/cristalvoxnews.com.br\/?p=3118","title":{"rendered":"Justi\u00e7a italiana quer garantia de pris\u00e3o segura para Zambelli"},"content":{"rendered":"\n<p><strong>Pa\u00eds pediu informa\u00e7\u00f5es sobre sistema penitenci\u00e1rio brasileiro antes de decidir sobre extradi\u00e7\u00e3o<\/strong><\/p>\n\n\n\n<p>Fonte: Blog de Gustavo Uribe na CNN<\/p>\n\n\n\n<p>A Justi\u00e7a da It\u00e1lia pediu informa\u00e7\u00f5es ao governo brasileiro sobre a garantia de seguran\u00e7a no sistema carcer\u00e1rio do Brasil para uma eventual extradi\u00e7\u00e3o de Carla Zambelli.<\/p>\n\n\n\n<p>O objetivo, de acordo com relatos \u00e0&nbsp;<strong>CNN Brasil<\/strong>, \u00e9 atestar que a deputada bolsonarista n\u00e3o correr\u00e1 risco de morte se presa no Brasil.<\/p>\n\n\n\n<p>Novos pedidos de informa\u00e7\u00e3o&nbsp;<a href=\"https:\/\/www.cnnbrasil.com.br\/politica\/decisao-sobre-extradicao-de-carla-zambelli-e-adiada-para-18-de-dezembro\/\">adiaram a decis\u00e3o sobre a extradi\u00e7\u00e3o de Zambelli<\/a>&nbsp;para o dia 18 de dezembro.<\/p>\n\n\n\n<p>Autoridades brasileiras veem na solicita\u00e7\u00e3o uma sinal de que a Justi\u00e7a da It\u00e1lia tende a extraditar a brasileira ainda neste ano.<\/p>\n\n\n\n<p>Advogados afirmam que a parlamentar tem uma s\u00e9rie de comorbidades e, por isso, deveria cumprir a pena na It\u00e1lia, mas em regime domiciliar.<\/p>\n\n\n\n<p>Continue lendo no Link &#8211;&nbsp; <a href=\"https:\/\/www.cnnbrasil.com.br\/blogs\/gustavo-uribe\/politica\/justica-italiana-quer-garantia-de-prisao-segura-para-zambelli\/\">https:\/\/www.cnnbrasil.com.br\/blogs\/gustavo-uribe\/politica\/justica-italiana-quer-garantia-de-prisao-segura-para-zambelli\/<\/a><\/p>\n\n\n\n<p><\/p>\n","protected":false},"excerpt":{"rendered":"<p>Pa\u00eds pediu informa\u00e7\u00f5es sobre sistema penitenci\u00e1rio brasileiro antes de decidir sobre extradi\u00e7\u00e3o Fonte: Blog de Gustavo Uribe na CNN A Justi\u00e7a da It\u00e1lia pediu informa\u00e7\u00f5es ao governo brasileiro sobre a garantia de seguran\u00e7a no sistema carcer\u00e1rio do Brasil para uma eventual extradi\u00e7\u00e3o de Carla Zambelli. O objetivo, de acordo com [&hellip;]<\/p>\n","protected":false},"author":1,"featured_media":3119,"comment_status":"open","ping_status":"open","sticky":false,"template":"","format":"standard","meta":{"footnotes":""},"categories":[260],"tags":[697,351,698],"class_list":{"0":"post-3118","1":"post","2":"type-post","3":"status-publish","4":"format-standard","5":"has-post-thumbnail","7":"category-justica","8":"tag-italia","9":"tag-prisao","10":"tag-zambelli"},"_links":{"self":[{"href":"https:\/\/cristalvoxnews.com.br\/index.php?rest_route=\/wp\/v2\/posts\/3118","targetHints":{"allow":["GET"]}}],"collection":[{"href":"https:\/\/cristalvoxnews.com.br\/index.php?rest_route=\/wp\/v2\/posts"}],"about":[{"href":"https:\/\/cristalvoxnews.com.br\/index.php?rest_route=\/wp\/v2\/types\/post"}],"author":[{"embeddable":true,"href":"https:\/\/cristalvoxnews.com.br\/index.php?rest_route=\/wp\/v2\/users\/1"}],"replies":[{"embeddable":true,"href":"https:\/\/cristalvoxnews.com.br\/index.php?rest_route=%2Fwp%2Fv2%2Fcomments&post=3118"}],"version-history":[{"count":1,"href":"https:\/\/cristalvoxnews.com.br\/index.php?rest_route=\/wp\/v2\/posts\/3118\/revisions"}],"predecessor-version":[{"id":3120,"href":"https:\/\/cristalvoxnews.com.br\/index.php?rest_route=\/wp\/v2\/posts\/3118\/revisions\/3120"}],"wp:featuredmedia":[{"embeddable":true,"href":"https:\/\/cristalvoxnews.com.br\/index.php?rest_route=\/wp\/v2\/media\/3119"}],"wp:attachment":[{"href":"https:\/\/cristalvoxnews.com.br\/index.php?rest_route=%2Fwp%2Fv2%2Fmedia&parent=3118"}],"wp:term":[{"taxonomy":"category","embeddable":true,"href":"https:\/\/cristalvoxnews.com.br\/index.php?rest_route=%2Fwp%2Fv2%2Fcategories&post=3118"},{"taxonomy":"post_tag","embeddable":true,"href":"https:\/\/cristalvoxnews.com.br\/index.php?rest_route=%2Fwp%2Fv2%2Ftags&post=3118"}],"curies":[{"name":"wp","href":"https:\/\/api.w.org\/{rel}","templated":true}]}}