{"id":3113,"date":"2025-12-05T17:18:27","date_gmt":"2025-12-05T20:18:27","guid":{"rendered":"https:\/\/cristalvoxnews.com.br\/?p=3113"},"modified":"2025-12-05T17:19:14","modified_gmt":"2025-12-05T20:19:14","slug":"presidente-da-primeira-turma-do-supremo-flavio-dino-e-responsavel-por-fazer-os-agendamentos-do-colegiado-vereadora-marielle-franco-foi-assassinada-a-tiros-em-marco-de-2018","status":"publish","type":"post","link":"https:\/\/cristalvoxnews.com.br\/?p=3113","title":{"rendered":"Dino marca para fevereiro julgamento de r\u00e9us por assassinato de Marielle"},"content":{"rendered":"\n<p>Conte\u00fado CNN: <a href=\"https:\/\/www.cnnbrasil.com.br\/autor\/anna-julia-lopes\/\">Anna J\u00falia Lopes<\/a>\u00a0e\u00a0<a href=\"https:\/\/www.cnnbrasil.com.br\/blogs\/luisa-martins\">Lu\u00edsa Martins<\/a><\/p>\n\n\n\n<p>O presidente da Primeira Turma do STF (Supremo Tribunal Federal), ministro Fl\u00e1vio Dino, marcou para 24 e 25 de fevereiro de 2026 o julgamento presencial do ex-deputado federal Chiquinho Braz\u00e3o e dos outros acusados de participa\u00e7\u00e3o no&nbsp;<a href=\"https:\/\/www.cnnbrasil.com.br\/nacional\/relembre-em-7-pontos-o-caso-marielle-reus-comecam-a-ser-julgados\/\" target=\"_blank\" rel=\"noreferrer noopener\">assassinato da vereadora Marielle Franco<\/a>.<\/p>\n\n\n\n<p>Os r\u00e9us s\u00e3o: Domingos In\u00e1cio Braz\u00e3o (ex-conselheiro do TCE-RJ), Jo\u00e3o Francisco In\u00e1cio Braz\u00e3o (ex-parlamentar), Rivaldo Barbosa de Ara\u00fajo J\u00fanior (delegado da Pol\u00edcia Civil do Rio de Janeiro), Ronald Paulo Alves (major da Pol\u00edcia Militar) e Robson Calixto Fonseca (policial militar). Todos os r\u00e9us est\u00e3o presos preventivamente ou em domiciliar.<\/p>\n\n\n\n<p>Ao marcar o julgamento, Dino atendeu a um pedido do ministro Alexandre de Moraes. No despacho, Moraes&nbsp;<a href=\"https:\/\/www.cnnbrasil.com.br\/politica\/moraes-pede-julgamento-de-chiquinho-brazao-por-assassinato-de-marielle\/\" target=\"_blank\" rel=\"noreferrer noopener\">cita<\/a>&nbsp;que j\u00e1 foram cumpridas todas etapas de instru\u00e7\u00e3o da a\u00e7\u00e3o penal, bem como as dilig\u00eancias complementares.<\/p>\n\n\n\n<p>Em maio, a PGR (Procuradoria Geral da Rep\u00fablica)&nbsp;<a href=\"https:\/\/www.cnnbrasil.com.br\/politica\/pgr-pede-condenacao-de-irmaos-brazao-e-de-rivaldo-barbosa\/\" target=\"_blank\" rel=\"noreferrer noopener\">pediu<\/a>&nbsp;as condena\u00e7\u00f5es dos r\u00e9us por organiza\u00e7\u00e3o criminosa e homic\u00eddio no caso que investiga o assassinato de Marielle e do motorista Anderson Gomes.<\/p>\n\n\n\n<h2 class=\"wp-block-heading\"><strong>Relembre o caso<\/strong><\/h2>\n\n\n\n<p>O assassinato da vereadora Marielle Franco e do motorista Anderson Gomes em 14 de mar\u00e7o de 2018, no Rio de Janeiro.<\/p>\n\n\n\n<p>Os irm\u00e3os Chiquinho e Domingos Braz\u00e3o s\u00e3o acusados de serem os mandantes dos assassinatos. Chiquinho foi deputado federal e teve o seu mandato&nbsp;<a href=\"https:\/\/www.cnnbrasil.com.br\/politica\/camara-declara-perda-de-mandato-de-chiquinho-brazao\/\" target=\"_blank\" rel=\"noreferrer noopener\">cassado<\/a>&nbsp;pela C\u00e2mara neste ano; e Domingos atuou como conselheiro do Tribunal de Contas do estado do Rio de Janeiro.<\/p>\n\n\n\n<p>Segundo as investiga\u00e7\u00f5es, o motivo da execu\u00e7\u00e3o est\u00e1 relacionado \u00e0 atua\u00e7\u00e3o da mil\u00edcia na disputa por terras no Rio de Janeiro.<\/p>\n\n\n\n<p>Em 2019, os ex-policiais Ronnie Lessa e \u00c9lcio Queiroz&nbsp;<a href=\"https:\/\/www.cnnbrasil.com.br\/nacional\/entenda-por-que-a-pena-de-ronnie-lessa-foi-maior-que-a-de-elcio-de-queiroz\/\" target=\"_blank\" rel=\"noreferrer noopener\">foram presos<\/a>&nbsp;por efetuarem os disparos que mataram Marielle e Anderson.<\/p>\n\n\n\n<p>Lessa assinou dela\u00e7\u00e3o premiada, na qual&nbsp;<a href=\"https:\/\/www.cnnbrasil.com.br\/nacional\/caso-marielle-quem-sao-os-citados-por-ronnie-lessa-em-negociacao-de-delacao\/\" target=\"_blank\" rel=\"noreferrer noopener\">apontou<\/a>&nbsp;Chiquinho Braz\u00e3o como um dos mandantes do crime. \u00c0 Pol\u00edcia Federal, o ex-policial disse que os irm\u00e3os teriam oferecido a ele US$ 10 milh\u00f5es em troca da morte da vereadora.<\/p>\n\n\n\n<p><br><\/p>\n","protected":false},"excerpt":{"rendered":"<p>Conte\u00fado CNN: Anna J\u00falia Lopes\u00a0e\u00a0Lu\u00edsa Martins O presidente da Primeira Turma do STF (Supremo Tribunal Federal), ministro Fl\u00e1vio Dino, marcou para 24 e 25 de fevereiro de 2026 o julgamento presencial do ex-deputado federal Chiquinho Braz\u00e3o e dos outros acusados de participa\u00e7\u00e3o no&nbsp;assassinato da vereadora Marielle Franco. Os r\u00e9us s\u00e3o: [&hellip;]<\/p>\n","protected":false},"author":1,"featured_media":3114,"comment_status":"open","ping_status":"open","sticky":false,"template":"","format":"standard","meta":{"footnotes":""},"categories":[260],"tags":[695,694,691,696,692],"class_list":{"0":"post-3113","1":"post","2":"type-post","3":"status-publish","4":"format-standard","5":"has-post-thumbnail","7":"category-justica","8":"tag-chiquinho-brazao","9":"tag-domingos-brazao","10":"tag-flavio-dino","11":"tag-julgamento-caso-mariele","12":"tag-mariele"},"_links":{"self":[{"href":"https:\/\/cristalvoxnews.com.br\/index.php?rest_route=\/wp\/v2\/posts\/3113","targetHints":{"allow":["GET"]}}],"collection":[{"href":"https:\/\/cristalvoxnews.com.br\/index.php?rest_route=\/wp\/v2\/posts"}],"about":[{"href":"https:\/\/cristalvoxnews.com.br\/index.php?rest_route=\/wp\/v2\/types\/post"}],"author":[{"embeddable":true,"href":"https:\/\/cristalvoxnews.com.br\/index.php?rest_route=\/wp\/v2\/users\/1"}],"replies":[{"embeddable":true,"href":"https:\/\/cristalvoxnews.com.br\/index.php?rest_route=%2Fwp%2Fv2%2Fcomments&post=3113"}],"version-history":[{"count":2,"href":"https:\/\/cristalvoxnews.com.br\/index.php?rest_route=\/wp\/v2\/posts\/3113\/revisions"}],"predecessor-version":[{"id":3117,"href":"https:\/\/cristalvoxnews.com.br\/index.php?rest_route=\/wp\/v2\/posts\/3113\/revisions\/3117"}],"wp:featuredmedia":[{"embeddable":true,"href":"https:\/\/cristalvoxnews.com.br\/index.php?rest_route=\/wp\/v2\/media\/3114"}],"wp:attachment":[{"href":"https:\/\/cristalvoxnews.com.br\/index.php?rest_route=%2Fwp%2Fv2%2Fmedia&parent=3113"}],"wp:term":[{"taxonomy":"category","embeddable":true,"href":"https:\/\/cristalvoxnews.com.br\/index.php?rest_route=%2Fwp%2Fv2%2Fcategories&post=3113"},{"taxonomy":"post_tag","embeddable":true,"href":"https:\/\/cristalvoxnews.com.br\/index.php?rest_route=%2Fwp%2Fv2%2Ftags&post=3113"}],"curies":[{"name":"wp","href":"https:\/\/api.w.org\/{rel}","templated":true}]}}