{"id":3110,"date":"2025-12-05T17:13:43","date_gmt":"2025-12-05T20:13:43","guid":{"rendered":"https:\/\/cristalvoxnews.com.br\/?p=3110"},"modified":"2025-12-05T17:13:45","modified_gmt":"2025-12-05T20:13:45","slug":"haddad-diz-que-governo-devera-registrar-menor-inflacao-da-historia","status":"publish","type":"post","link":"https:\/\/cristalvoxnews.com.br\/?p=3110","title":{"rendered":"Haddad diz que governo dever\u00e1 registrar menor infla\u00e7\u00e3o da hist\u00f3ria"},"content":{"rendered":"\n<p><strong>Atualmente, a infla\u00e7\u00e3o medida pela \u00cdndice Nacional de Pre\u00e7os ao Consumidor Amplo 15 (IPCA-15) registra um patamar de 4,5%<\/strong><\/p>\n\n\n\n<p>O ministro da Fazenda, Fernando Haddad, disse nesta quinta-feira (4) que o Brasil registrar\u00e1, considerando os quatro de mandato do atual governo, a menor infla\u00e7\u00e3o da hist\u00f3ria do pa\u00eds. A afirma\u00e7\u00e3o foi feita durante a 6\u00aa reuni\u00e3o plen\u00e1ria do Conselho de Desenvolvimento Econ\u00f4mico e Social Sustent\u00e1vel (CDESS), mais conhecido como Conselh\u00e3o.<\/p>\n\n\n\n<p>\u201cA infla\u00e7\u00e3o, que \u00e9 uma preocupa\u00e7\u00e3o leg\u00edtima de todo cidad\u00e3o, em quatro anos, vai ser a menor de toda a hist\u00f3ria. Ser\u00e1 menor do que a do Imp\u00e9rio; da Rep\u00fablica; da Rep\u00fablica Velha; do Estado Novo; do Plano Real. Ser\u00e1 a menor de todas\u201d, disse o ministro.<\/p>\n\n\n\n<p>Atualmente, a infla\u00e7\u00e3o medida pela \u00cdndice Nacional de Pre\u00e7os ao Consumidor Amplo 15 (IPCA-15) registra um patamar de 4,5% \u2013 considerando os 12 meses terminados em novembro.<\/p>\n\n\n\n<p>Segundo ele, o governo est\u00e1 conseguindo conciliar o melhor de dois mundos: um pa\u00eds com menor desemprego e menor infla\u00e7\u00e3o. O Brasil atingiu no \u00faltimo trimestre uma taxa de desemprego de 5,4%. \u00c9 o menor \u00edndice registrado pela s\u00e9rie hist\u00f3rica do Instituto Brasileiro de Geografia e Estat\u00edstica (IBGE), iniciada em 2012.<\/p>\n\n\n\n<p>\u201cQuando voc\u00ea consegue conciliar queda de infla\u00e7\u00e3o com queda de desemprego, voc\u00ea t\u00e1 com menor \u00edndice de desconforto de uma sociedade. Estamos conseguindo conciliar isso\u201d, disse Haddad.<\/p>\n\n\n\n<p>Fonte: &nbsp;Ag\u00eancia Brasil<\/p>\n","protected":false},"excerpt":{"rendered":"<p>Atualmente, a infla\u00e7\u00e3o medida pela \u00cdndice Nacional de Pre\u00e7os ao Consumidor Amplo 15 (IPCA-15) registra um patamar de 4,5% O ministro da Fazenda, Fernando Haddad, disse nesta quinta-feira (4) que o Brasil registrar\u00e1, considerando os quatro de mandato do atual governo, a menor infla\u00e7\u00e3o da hist\u00f3ria do pa\u00eds. A afirma\u00e7\u00e3o [&hellip;]<\/p>\n","protected":false},"author":1,"featured_media":3111,"comment_status":"open","ping_status":"open","sticky":false,"template":"","format":"standard","meta":{"footnotes":""},"categories":[259],"tags":[688,690,689,687],"class_list":{"0":"post-3110","1":"post","2":"type-post","3":"status-publish","4":"format-standard","5":"has-post-thumbnail","7":"category-economia","8":"tag-fernando-haddad","9":"tag-ibge","10":"tag-inflacao","11":"tag-preco-consumidor-amplo"},"_links":{"self":[{"href":"https:\/\/cristalvoxnews.com.br\/index.php?rest_route=\/wp\/v2\/posts\/3110","targetHints":{"allow":["GET"]}}],"collection":[{"href":"https:\/\/cristalvoxnews.com.br\/index.php?rest_route=\/wp\/v2\/posts"}],"about":[{"href":"https:\/\/cristalvoxnews.com.br\/index.php?rest_route=\/wp\/v2\/types\/post"}],"author":[{"embeddable":true,"href":"https:\/\/cristalvoxnews.com.br\/index.php?rest_route=\/wp\/v2\/users\/1"}],"replies":[{"embeddable":true,"href":"https:\/\/cristalvoxnews.com.br\/index.php?rest_route=%2Fwp%2Fv2%2Fcomments&post=3110"}],"version-history":[{"count":1,"href":"https:\/\/cristalvoxnews.com.br\/index.php?rest_route=\/wp\/v2\/posts\/3110\/revisions"}],"predecessor-version":[{"id":3112,"href":"https:\/\/cristalvoxnews.com.br\/index.php?rest_route=\/wp\/v2\/posts\/3110\/revisions\/3112"}],"wp:featuredmedia":[{"embeddable":true,"href":"https:\/\/cristalvoxnews.com.br\/index.php?rest_route=\/wp\/v2\/media\/3111"}],"wp:attachment":[{"href":"https:\/\/cristalvoxnews.com.br\/index.php?rest_route=%2Fwp%2Fv2%2Fmedia&parent=3110"}],"wp:term":[{"taxonomy":"category","embeddable":true,"href":"https:\/\/cristalvoxnews.com.br\/index.php?rest_route=%2Fwp%2Fv2%2Fcategories&post=3110"},{"taxonomy":"post_tag","embeddable":true,"href":"https:\/\/cristalvoxnews.com.br\/index.php?rest_route=%2Fwp%2Fv2%2Ftags&post=3110"}],"curies":[{"name":"wp","href":"https:\/\/api.w.org\/{rel}","templated":true}]}}