{"id":3098,"date":"2025-12-05T17:03:01","date_gmt":"2025-12-05T20:03:01","guid":{"rendered":"https:\/\/cristalvoxnews.com.br\/?p=3098"},"modified":"2025-12-05T17:03:03","modified_gmt":"2025-12-05T20:03:03","slug":"ministerio-da-saude-prepara-forum-de-saude-mental-de-criancas-e-adolescentes","status":"publish","type":"post","link":"https:\/\/cristalvoxnews.com.br\/?p=3098","title":{"rendered":"Minist\u00e9rio da Sa\u00fade prepara F\u00f3rum de Sa\u00fade Mental de Crian\u00e7as e Adolescentes"},"content":{"rendered":"\n<p><strong>Oficina online nacional reuniu crian\u00e7as e adolescentes, como fase preparat\u00f3ria para f\u00f3rum nacional que ocorre em 2026<\/strong><\/p>\n\n\n\n<p>Fonte: Minist\u00e9rio da Sa\u00fade<\/p>\n\n\n\n<p>Minist\u00e9rio da Sa\u00fade iniciou a prepara\u00e7\u00e3o para o F\u00f3rum Nacional de Sa\u00fade Mental de Crian\u00e7as e Adolescentes, que acontece em 2026. A primeira etapa preparat\u00f3ria foi uma Oficina Nacional de Escuta com Crian\u00e7as e Adolescentes, realizada de forma online, no dia 19 de novembro.<\/p>\n\n\n\n<p>Organizada pelo&nbsp;<a href=\"https:\/\/www.gov.br\/saude\/pt-br\/composicao\/saes\/desmad\" target=\"_blank\" rel=\"noreferrer noopener\">Departamento de Sa\u00fade Mental, \u00c1lcool e Outras Drogas<\/a>, da Secretaria de Aten\u00e7\u00e3o especializada \u00e0 Sa\u00fade (SAES) do MS, a atividade reuniu crian\u00e7as e adolescentes de 6 a 12 anos, al\u00e9m de profissionais dos&nbsp;<a href=\"https:\/\/www.gov.br\/saude\/pt-br\/composicao\/saes\/desmad\/raps\/caps\" target=\"_blank\" rel=\"noreferrer noopener\">Centros de Aten\u00e7\u00e3o Psicossocial<\/a>, pesquisadores da Fiocruz, equipes t\u00e9cnicas do MS e representantes de movimentos sociais. O Minist\u00e9rio da Sa\u00fade conduziu a escuta para compreender, diretamente das viv\u00eancias dos participantes, os desafios, expectativas e contribui\u00e7\u00f5es para o fortalecimento do cuidado em sa\u00fade mental no&nbsp;<a href=\"https:\/\/www.gov.br\/saude\/pt-br\/sus\" target=\"_blank\" rel=\"noreferrer noopener\">Sistema \u00danico de Sa\u00fade (SUS)<\/a>, especialmente no \u00e2mbito dos Centro de Aten\u00e7\u00e3o Psicossocial (CAPS) e da&nbsp;<a href=\"https:\/\/www.gov.br\/saude\/pt-br\/composicao\/saes\/desmad\/raps\" target=\"_blank\" rel=\"noreferrer noopener\">Rede de Aten\u00e7\u00e3o Psicossocial<\/a>.<\/p>\n\n\n\n<p>A oficina adotou uma metodologia sens\u00edvel, segura e participativa, com momentos de acolhimento, rodas de conversa espec\u00edficas, din\u00e2micas criativas e salas tem\u00e1ticas menores. Os participantes tamb\u00e9m assistiram ao v\u00eddeo do Z\u00e9 Gotinha sobre a hist\u00f3ria dos CAPS e foram convidados a imaginar o futuro do cuidado em sa\u00fade mental, refor\u00e7ando a import\u00e2ncia de incluir crian\u00e7as e adolescentes como sujeitos ativos na constru\u00e7\u00e3o de pol\u00edticas p\u00fablicas.<\/p>\n\n\n\n<p>Entre os principais pontos levantados pelos jovens participantes, destacaram-se a necessidade de ampliar a divulga\u00e7\u00e3o sobre o papel dos CAPS, o incentivo ao di\u00e1logo sobre sa\u00fade mental nas escolas e nas fam\u00edlias, o enfrentamento de estigmas e preconceitos, o fortalecimento de ambientes acolhedores com espa\u00e7o para arte e express\u00e3o e a amplia\u00e7\u00e3o da participa\u00e7\u00e3o social por meio de conte\u00fados digitais e instrumentos oficiais de consulta.<\/p>\n\n\n\n<p>Para o Coordenador-Geral de Redes e Servi\u00e7os de Sa\u00fade Mental do Minist\u00e9rio da Sa\u00fade, Vin\u00edcius Vieira, a escuta nacional representa um passo central na amplia\u00e7\u00e3o do cuidado. \u201c\u00c9 muito significativo para n\u00f3s escutar cada um de voc\u00eas. Tudo o que trouxeram aqui nos ajuda a entender melhor o que precisa avan\u00e7ar no cuidado em sa\u00fade mental de crian\u00e7as e adolescentes em todo o pa\u00eds\u201d.<\/p>\n\n\n\n<p><\/p>\n\n\n\n<p><\/p>\n","protected":false},"excerpt":{"rendered":"<p>Oficina online nacional reuniu crian\u00e7as e adolescentes, como fase preparat\u00f3ria para f\u00f3rum nacional que ocorre em 2026 Fonte: Minist\u00e9rio da Sa\u00fade Minist\u00e9rio da Sa\u00fade iniciou a prepara\u00e7\u00e3o para o F\u00f3rum Nacional de Sa\u00fade Mental de Crian\u00e7as e Adolescentes, que acontece em 2026. A primeira etapa preparat\u00f3ria foi uma Oficina Nacional [&hellip;]<\/p>\n","protected":false},"author":1,"featured_media":3099,"comment_status":"open","ping_status":"open","sticky":false,"template":"","format":"standard","meta":{"footnotes":""},"categories":[262],"tags":[682,680,679,681],"class_list":{"0":"post-3098","1":"post","2":"type-post","3":"status-publish","4":"format-standard","5":"has-post-thumbnail","7":"category-saude","8":"tag-centro-de-atencao-psicossocial","9":"tag-crianca-e-adolecente","10":"tag-ministerio-da-saude","11":"tag-saude-mental"},"_links":{"self":[{"href":"https:\/\/cristalvoxnews.com.br\/index.php?rest_route=\/wp\/v2\/posts\/3098","targetHints":{"allow":["GET"]}}],"collection":[{"href":"https:\/\/cristalvoxnews.com.br\/index.php?rest_route=\/wp\/v2\/posts"}],"about":[{"href":"https:\/\/cristalvoxnews.com.br\/index.php?rest_route=\/wp\/v2\/types\/post"}],"author":[{"embeddable":true,"href":"https:\/\/cristalvoxnews.com.br\/index.php?rest_route=\/wp\/v2\/users\/1"}],"replies":[{"embeddable":true,"href":"https:\/\/cristalvoxnews.com.br\/index.php?rest_route=%2Fwp%2Fv2%2Fcomments&post=3098"}],"version-history":[{"count":1,"href":"https:\/\/cristalvoxnews.com.br\/index.php?rest_route=\/wp\/v2\/posts\/3098\/revisions"}],"predecessor-version":[{"id":3100,"href":"https:\/\/cristalvoxnews.com.br\/index.php?rest_route=\/wp\/v2\/posts\/3098\/revisions\/3100"}],"wp:featuredmedia":[{"embeddable":true,"href":"https:\/\/cristalvoxnews.com.br\/index.php?rest_route=\/wp\/v2\/media\/3099"}],"wp:attachment":[{"href":"https:\/\/cristalvoxnews.com.br\/index.php?rest_route=%2Fwp%2Fv2%2Fmedia&parent=3098"}],"wp:term":[{"taxonomy":"category","embeddable":true,"href":"https:\/\/cristalvoxnews.com.br\/index.php?rest_route=%2Fwp%2Fv2%2Fcategories&post=3098"},{"taxonomy":"post_tag","embeddable":true,"href":"https:\/\/cristalvoxnews.com.br\/index.php?rest_route=%2Fwp%2Fv2%2Ftags&post=3098"}],"curies":[{"name":"wp","href":"https:\/\/api.w.org\/{rel}","templated":true}]}}