{"id":3089,"date":"2025-12-05T16:48:05","date_gmt":"2025-12-05T19:48:05","guid":{"rendered":"https:\/\/cristalvoxnews.com.br\/?p=3089"},"modified":"2025-12-05T16:48:06","modified_gmt":"2025-12-05T19:48:06","slug":"verao-em-sao-paulo-veja-como-la-nina-pode-influenciar-o-tempo","status":"publish","type":"post","link":"https:\/\/cristalvoxnews.com.br\/?p=3089","title":{"rendered":"Ver\u00e3o em S\u00e3o Paulo: veja como La Ni\u00f1a pode influenciar o tempo"},"content":{"rendered":"\n<h2 class=\"wp-block-heading\"><strong>Previs\u00e3o indica que as temperaturas podem ultrapassar 35\u00b0C em diversas regi\u00f5es do estado paulista, com maior concentra\u00e7\u00e3o de chuvas fortes no norte de S\u00e3o Paulo<\/strong><\/h2>\n\n\n\n<p>S\u00e3o Paulo se prepara para enfrentar um ver\u00e3o com temperaturas acima da m\u00e9dia e distribui\u00e7\u00e3o irregular de chuvas em todo o territ\u00f3rio paulista. Conforme alerta emitido pela Defesa Civil do estado, as ondas de calor devem ser intensas, com term\u00f4metros ultrapassando os 35\u00b0C em diversas regi\u00f5es em meio \u00e0 influ\u00eancia do La Ni\u00f1a.<\/p>\n\n\n\n<p>Segundo an\u00e1lise, dezembro deve ter precipita\u00e7\u00f5es dentro da normalidade ou at\u00e9 abaixo da m\u00e9dia na regi\u00e3o norte do estado. J\u00e1 em janeiro, o cen\u00e1rio tende a mudar, com&nbsp;<a href=\"https:\/\/www.cnnbrasil.com.br\/nacional\/brasil\/previsao-do-tempo-temporais-ganham-forca-ate-o-fim-de-semana\/\">acumulados de chuva<\/a>&nbsp;que podem ficar acima da m\u00e9dia hist\u00f3rica, especialmente nas \u00e1reas setentrionais paulistas.<\/p>\n\n\n\n<h2 class=\"wp-block-heading\">Influ\u00eancia do fen\u00f4meno La Ni\u00f1a<\/h2>\n\n\n\n<p>Mesmo com a previs\u00e3o de intensas ondas de calor, a influ\u00eancia do fen\u00f4meno La Ni\u00f1a poder\u00e1 trazer instabilidade nas temperaturas durante a esta\u00e7\u00e3o mais quente do ano. Este fen\u00f4meno clim\u00e1tico pode permitir que&nbsp;<a href=\"https:\/\/www.cnnbrasil.com.br\/nacional\/brasil\/previsao-do-tempo-frente-fria-avanca-pelo-pais-e-aumenta-risco-de-temporal\/\">frentes frias<\/a>&nbsp;avancem sobre o territ\u00f3rio paulista em pleno ver\u00e3o, criando contrastes t\u00e9rmicos significativos.<\/p>\n\n\n\n<p>Diante dessa instabilidade clim\u00e1tica e meteorol\u00f3gica prevista, a Defesa Civil de S\u00e3o Paulo orienta que a popula\u00e7\u00e3o fique atenta aos alertas que ser\u00e3o emitidos tanto para o calor extremo quanto para acumulados significativos de chuva. As recomenda\u00e7\u00f5es incluem medidas preventivas como hidrata\u00e7\u00e3o adequada durante os per\u00edodos de altas temperaturas.<\/p>\n\n\n\n<p>A orienta\u00e7\u00e3o das autoridades tamb\u00e9m abrange cuidados relacionados a poss\u00edveis enxurradas e alagamentos decorrentes de chuvas intensas e concentradas. A popula\u00e7\u00e3o deve buscar prote\u00e7\u00e3o e seguir as recomenda\u00e7\u00f5es oficiais em caso de tempestades, evitando \u00e1reas de risco e adotando comportamentos preventivos para minimizar os impactos das condi\u00e7\u00f5es clim\u00e1ticas adversas.<\/p>\n\n\n\n<p><a href=\"https:\/\/www.cnnbrasil.com.br\/autor\/da-cnn-brasil\/\">Da CNN Brasil<\/a><\/p>\n\n\n\n<p><\/p>\n","protected":false},"excerpt":{"rendered":"<p>Previs\u00e3o indica que as temperaturas podem ultrapassar 35\u00b0C em diversas regi\u00f5es do estado paulista, com maior concentra\u00e7\u00e3o de chuvas fortes no norte de S\u00e3o Paulo S\u00e3o Paulo se prepara para enfrentar um ver\u00e3o com temperaturas acima da m\u00e9dia e distribui\u00e7\u00e3o irregular de chuvas em todo o territ\u00f3rio paulista. Conforme alerta [&hellip;]<\/p>\n","protected":false},"author":1,"featured_media":3090,"comment_status":"open","ping_status":"open","sticky":false,"template":"","format":"standard","meta":{"footnotes":""},"categories":[261],"tags":[668,669,527,667],"class_list":{"0":"post-3089","1":"post","2":"type-post","3":"status-publish","4":"format-standard","5":"has-post-thumbnail","7":"category-meio-ambiente","8":"tag-clima","9":"tag-la-nina","10":"tag-sao-paulo","11":"tag-verao"},"_links":{"self":[{"href":"https:\/\/cristalvoxnews.com.br\/index.php?rest_route=\/wp\/v2\/posts\/3089","targetHints":{"allow":["GET"]}}],"collection":[{"href":"https:\/\/cristalvoxnews.com.br\/index.php?rest_route=\/wp\/v2\/posts"}],"about":[{"href":"https:\/\/cristalvoxnews.com.br\/index.php?rest_route=\/wp\/v2\/types\/post"}],"author":[{"embeddable":true,"href":"https:\/\/cristalvoxnews.com.br\/index.php?rest_route=\/wp\/v2\/users\/1"}],"replies":[{"embeddable":true,"href":"https:\/\/cristalvoxnews.com.br\/index.php?rest_route=%2Fwp%2Fv2%2Fcomments&post=3089"}],"version-history":[{"count":1,"href":"https:\/\/cristalvoxnews.com.br\/index.php?rest_route=\/wp\/v2\/posts\/3089\/revisions"}],"predecessor-version":[{"id":3091,"href":"https:\/\/cristalvoxnews.com.br\/index.php?rest_route=\/wp\/v2\/posts\/3089\/revisions\/3091"}],"wp:featuredmedia":[{"embeddable":true,"href":"https:\/\/cristalvoxnews.com.br\/index.php?rest_route=\/wp\/v2\/media\/3090"}],"wp:attachment":[{"href":"https:\/\/cristalvoxnews.com.br\/index.php?rest_route=%2Fwp%2Fv2%2Fmedia&parent=3089"}],"wp:term":[{"taxonomy":"category","embeddable":true,"href":"https:\/\/cristalvoxnews.com.br\/index.php?rest_route=%2Fwp%2Fv2%2Fcategories&post=3089"},{"taxonomy":"post_tag","embeddable":true,"href":"https:\/\/cristalvoxnews.com.br\/index.php?rest_route=%2Fwp%2Fv2%2Ftags&post=3089"}],"curies":[{"name":"wp","href":"https:\/\/api.w.org\/{rel}","templated":true}]}}