{"id":3086,"date":"2025-12-05T16:44:08","date_gmt":"2025-12-05T19:44:08","guid":{"rendered":"https:\/\/cristalvoxnews.com.br\/?p=3086"},"modified":"2025-12-05T16:44:09","modified_gmt":"2025-12-05T19:44:09","slug":"cidades-doentes-buscam-caminhos-para-a-regeneracao-urbana","status":"publish","type":"post","link":"https:\/\/cristalvoxnews.com.br\/?p=3086","title":{"rendered":"Cidades doentes buscam caminhos para a regenera\u00e7\u00e3o urbana"},"content":{"rendered":"\n<p><em><strong>A recupera\u00e7\u00e3o da sa\u00fade das cidades passa pela cria\u00e7\u00e3o de uma plataforma que englobe tanto o conhecimento cient\u00edfico como a equidade e justi\u00e7a social, priorizando territ\u00f3rios e grupos mais vulner\u00e1veis<\/strong><\/em><\/p>\n\n\n\n<p><em>Paulo Saldiva \u2013 R\u00e1dio USP<\/em><\/p>\n\n\n\n<p>\u201cAs nossas cidades est\u00e3o doentes e, consequentemente, n\u00f3s estamos adoecendo tamb\u00e9m em fun\u00e7\u00e3o da organiza\u00e7\u00e3o do espa\u00e7o urbano. Acredito que a doen\u00e7a, assim como acontece com a gente, \u00e9 uma for\u00e7a que nos move para a busca da cura\u201d, afirma o professor Paulo Saldiva em sua coluna de hoje (03), na R\u00e1dio USP.<\/p>\n\n\n\n<p>\u201cMudamos de h\u00e1bitos, tentamos adquirir modos de vida mais saud\u00e1veis e o mesmo pode acontecer com a cidade, tanto as crises clim\u00e1ticas quanto a viol\u00eancia que recentemente estamos observando nas grandes cidades brasileiras s\u00e3o talvez motivos para que a gente tente organizar isso\u201d.<\/p>\n\n\n\n<p>De acordo com o colunista, as cidades precisam usar suas doen\u00e7as como oportunidade de regenera\u00e7\u00e3o, e um passo importante \u00e9 a coragem de reconhecer os erros do passado.<\/p>\n\n\n\n<p>\u201cHoje, no Brasil, n\u00f3s j\u00e1 temos uma massa de conhecimentos muito grande para que a gente possa ajudar a recupera\u00e7\u00e3o das cidades. Isso implica num redesenho de pol\u00edticas urbanas, baseado em princ\u00edpios cient\u00edficos de uma ci\u00eancia chamada ci\u00eancia de implementa\u00e7\u00e3o\u201d.<\/p>\n\n\n\n<p><strong>O que seria isso?<\/strong><\/p>\n\n\n\n<p>\u201cResumidamente, a recupera\u00e7\u00e3o da sa\u00fade das cidades passa pela cria\u00e7\u00e3o de uma plataforma que englobe tanto o conhecimento cient\u00edfico como a equidade e justi\u00e7a social, ou seja, priorizar territ\u00f3rios e grupos mais vulner\u00e1veis, uma cidade que cuida, fazendo, portanto, da cidade o eixo do desenho urbano, integrando habita\u00e7\u00e3o, mobilidade, saneamento, seguran\u00e7a e espa\u00e7os p\u00fablicos. Usar as evid\u00eancias cient\u00edficas, mas aplic\u00e1-las, colocar a ci\u00eancia em pr\u00e1tica com avalia\u00e7\u00e3o rigorosa de desempenho, de impacto, em parceria com a popula\u00e7\u00e3o [\u2026] N\u00f3s temos, obviamente, em fun\u00e7\u00e3o da crise que vive o planeta, tamb\u00e9m de priorizar a sustentabilidade clim\u00e1tica e adotar a infraestrutura verde e azul e aumentar a resili\u00eancia urbana [\u2026] Assegurar transpar\u00eancia, prote\u00e7\u00e3o de dados e principalmente o foco no bem comum. Como as cidades s\u00e3o diferentes, n\u00f3s temos que fazer solu\u00e7\u00f5es diferentes e levar em conta a territorialidade&nbsp; e a diversidade, valorizar saberes, culturas e modos de vida distintos. Se a gente fizer isso, talvez o s\u00e9culo 21 n\u00e3o fique lembrado como o tempo em que as cidades adoeceram em busca do progresso, e sim como momento em que decidiram reaprender a viver\u201d.<\/p>\n","protected":false},"excerpt":{"rendered":"<p>A recupera\u00e7\u00e3o da sa\u00fade das cidades passa pela cria\u00e7\u00e3o de uma plataforma que englobe tanto o conhecimento cient\u00edfico como a equidade e justi\u00e7a social, priorizando territ\u00f3rios e grupos mais vulner\u00e1veis Paulo Saldiva \u2013 R\u00e1dio USP \u201cAs nossas cidades est\u00e3o doentes e, consequentemente, n\u00f3s estamos adoecendo tamb\u00e9m em fun\u00e7\u00e3o da organiza\u00e7\u00e3o [&hellip;]<\/p>\n","protected":false},"author":1,"featured_media":3087,"comment_status":"open","ping_status":"open","sticky":false,"template":"","format":"standard","meta":{"footnotes":""},"categories":[261],"tags":[661,663,662,664,665],"class_list":{"0":"post-3086","1":"post","2":"type-post","3":"status-publish","4":"format-standard","5":"has-post-thumbnail","7":"category-meio-ambiente","8":"tag-cidade-doente","9":"tag-espaco-urbana","10":"tag-poluicao","11":"tag-radio-usp","12":"tag-regeneracao-urbana"},"_links":{"self":[{"href":"https:\/\/cristalvoxnews.com.br\/index.php?rest_route=\/wp\/v2\/posts\/3086","targetHints":{"allow":["GET"]}}],"collection":[{"href":"https:\/\/cristalvoxnews.com.br\/index.php?rest_route=\/wp\/v2\/posts"}],"about":[{"href":"https:\/\/cristalvoxnews.com.br\/index.php?rest_route=\/wp\/v2\/types\/post"}],"author":[{"embeddable":true,"href":"https:\/\/cristalvoxnews.com.br\/index.php?rest_route=\/wp\/v2\/users\/1"}],"replies":[{"embeddable":true,"href":"https:\/\/cristalvoxnews.com.br\/index.php?rest_route=%2Fwp%2Fv2%2Fcomments&post=3086"}],"version-history":[{"count":1,"href":"https:\/\/cristalvoxnews.com.br\/index.php?rest_route=\/wp\/v2\/posts\/3086\/revisions"}],"predecessor-version":[{"id":3088,"href":"https:\/\/cristalvoxnews.com.br\/index.php?rest_route=\/wp\/v2\/posts\/3086\/revisions\/3088"}],"wp:featuredmedia":[{"embeddable":true,"href":"https:\/\/cristalvoxnews.com.br\/index.php?rest_route=\/wp\/v2\/media\/3087"}],"wp:attachment":[{"href":"https:\/\/cristalvoxnews.com.br\/index.php?rest_route=%2Fwp%2Fv2%2Fmedia&parent=3086"}],"wp:term":[{"taxonomy":"category","embeddable":true,"href":"https:\/\/cristalvoxnews.com.br\/index.php?rest_route=%2Fwp%2Fv2%2Fcategories&post=3086"},{"taxonomy":"post_tag","embeddable":true,"href":"https:\/\/cristalvoxnews.com.br\/index.php?rest_route=%2Fwp%2Fv2%2Ftags&post=3086"}],"curies":[{"name":"wp","href":"https:\/\/api.w.org\/{rel}","templated":true}]}}