{"id":3081,"date":"2025-12-05T16:38:25","date_gmt":"2025-12-05T19:38:25","guid":{"rendered":"https:\/\/cristalvoxnews.com.br\/?p=3081"},"modified":"2025-12-05T16:40:30","modified_gmt":"2025-12-05T19:40:30","slug":"no-amazonas-62-da-exploracao-madeireira-e-feita-ilegalmente","status":"publish","type":"post","link":"https:\/\/cristalvoxnews.com.br\/?p=3081","title":{"rendered":"No Amazonas, 62% da explora\u00e7\u00e3o madeireira \u00e9 feita ilegalmente"},"content":{"rendered":"\n<p><strong>Estudo do Imazon mapeou retirada ilegal de madeira no estado<\/strong><\/p>\n\n\n\n<p>Dos 68 mil hectares em que h\u00e1 explora\u00e7\u00e3o madeireira no Amazonas, 42 mil n\u00e3o tinham autoriza\u00e7\u00e3o dos \u00f3rg\u00e3os ambientais para a atividade, de acordo com levantamento divulgado nesta sexta-feira (5) pelo instituto de pesquisa Imazon. Isso significa que 62% da \u00e1rea com retirada de madeira no estado \u00e9 ilegal.<\/p>\n\n\n\n<p>Realizada anualmente pela Rede Simex, composta por tr\u00eas organiza\u00e7\u00f5es ambientais &#8211; ICV, Imaflora e Imazon -, a pesquisa mapeou a extra\u00e7\u00e3o madeireira no estado por meio de imagens de sat\u00e9lite e cruzou com as autoriza\u00e7\u00f5es para a atividade emitidas pelos \u00f3rg\u00e3os ambientais, abrangendo o per\u00edodo de agosto de 2023 a julho de 2024.<\/p>\n\n\n\n<p>Em rela\u00e7\u00e3o ao levantamento passado (agosto\/2022- julho\/2023), quando 38 mil hectares tiveram explora\u00e7\u00e3o de madeira sem autoriza\u00e7\u00e3o, houve um aumento de 9% na \u00e1rea com retirada ilegal.<\/p>\n\n\n\n<p>Pesquisadora do Programa de Monitoramento da Amaz\u00f4nia do Imazon, Camila Damasceno avalia que a alta \u00e9 extremamente preocupante j\u00e1 que a explora\u00e7\u00e3o ilegal de madeira acaba financiando outros crimes ambientais, como as queimadas e o desmatamento.<\/p>\n\n\n\n<p>\u201cAl\u00e9m disso, tamb\u00e9m prejudica o mercado legalizado de madeira, que faz a remo\u00e7\u00e3o das \u00e1rvores por meio do manejo florestal sustent\u00e1vel e gera empregos e impostos para o Amazonas\u201d, acrescentou.<\/p>\n\n\n\n<p>Em rela\u00e7\u00e3o \u00e0 explora\u00e7\u00e3o de madeira autorizada, o Amazonas passou de 11,3 mil hectares entre agosto de 2022 e julho de 2023 para 26,1 mil hectares entre agosto de 2023 e julho de 2024, o que representa uma alta de 131%.<\/p>\n\n\n\n<p><strong>Boca do Acre<\/strong><\/p>\n\n\n\n<p>Apenas dois munic\u00edpios do sul do estado &#8211; Boca do Acre e L\u00e1brea &#8211; concentram 75% de toda a explora\u00e7\u00e3o de madeira ilegal do Amazonas. L\u00edder do ranking, Boca do Acre teve 20,5 mil hectares de explora\u00e7\u00e3o irregular, enquanto L\u00e1brea teve 10,9 mil hectares com retirada de madeira ilegal.<\/p>\n\n\n\n<p>\u201cEsses munic\u00edpios ficam dentro da regi\u00e3o de expans\u00e3o agropecu\u00e1ria chamada de Amacro, na divisa do Amazonas com o Acre e com Rond\u00f4nia. Por isso, alertamos que a extra\u00e7\u00e3o de madeira nesses territ\u00f3rios pode indicar o desmatamento futuro para a grilagem ou para a produ\u00e7\u00e3o de gr\u00e3os e de gado, o que refor\u00e7a a necessidade de ampliar a fiscaliza\u00e7\u00e3o nesses munic\u00edpios e barrar a entrada de produtos ilegais no mercado\u201d, alertou Camila.<\/p>\n\n\n\n<p><strong>Terras protegidas<\/strong><\/p>\n\n\n\n<p>A explora\u00e7\u00e3o ilegal de madeira, afirmou a pesquisadora, invade \u00e1reas protegidas do estado, como terras ind\u00edgenas e unidades de conserva\u00e7\u00e3o, o que \u00e9 uma preocupa\u00e7\u00e3o n\u00e3o apenas em rela\u00e7\u00e3o \u00e0 degrada\u00e7\u00e3o ambiental, mas \u00e0 sobreviv\u00eancias das comunidades que ocupam esses locais.<\/p>\n\n\n\n<p>\u201cA entrada de invasores para retirada de madeira desses territ\u00f3rios amea\u00e7a os povos e comunidades tradicionais, que dependem da floresta em p\u00e9 para manter seu modo de vida\u201d, explicou Camila.<\/p>\n\n\n\n<p>O levantamento apontou que 13% da retirada de madeira irregular (5,6 mil hectares) ocorreu em \u00e1reas protegidas, sendo 9% em terras ind\u00edgenas (3,9 mil hectares) e 4% em unidades de conserva\u00e7\u00e3o (1,6 mil hectares). Houve queda de 19% na explora\u00e7\u00e3o ilegal em \u00e1reas protegidas em rela\u00e7\u00e3o ao estudo anterior, quando foram mapeados 6,9 mil hectares, dos quais 6,4 mil em terras ind\u00edgenas.<\/p>\n\n\n\n<p>Apesar da redu\u00e7\u00e3o, a retirada irregular atingiu uma \u00e1rea superior a 5 mil campos de futebol dentro das \u00e1reas protegidas. O Imazon ressalta que, al\u00e9m das emiss\u00f5es de carbono resultantes da degrada\u00e7\u00e3o, h\u00e1 perda de biodiversidade e conflitos sociais com a extra\u00e7\u00e3o ilegal de madeira.<\/p>\n\n\n\n<p>Os im\u00f3veis rurais presentes em bancos de dados p\u00fablicos, como o Cadastro Ambiental Rural (CAR), o Sistema de Gest\u00e3o Fundi\u00e1ria (Sigef) e o Programa Terra Legal, foram respons\u00e1veis por 32,5 mil hectares da \u00e1rea com explora\u00e7\u00e3o irregular de madeira, o que representa 77% do total. Segundo avalia\u00e7\u00e3o do Imazon, esse resultado mostra que os \u00f3rg\u00e3os p\u00fablicos t\u00eam dados para fiscalizar e punir a atividade ilegal nessas \u00e1reas.<\/p>\n\n\n\n<p>Outra categoria que chamou a aten\u00e7\u00e3o dos pesquisadores em rela\u00e7\u00e3o \u00e0 retirada ilegal de madeira no Amazonas \u00e9 a de florestas p\u00fablicas n\u00e3o destinadas (FPNDs), com 3,3 mil hectares (8%). As FPNDs s\u00e3o \u00e1reas de floresta de dom\u00ednio p\u00fablico (Uni\u00e3o, estados ou munic\u00edpios) que ainda n\u00e3o tiveram seu uso oficialmente definido, seja como unidade de conserva\u00e7\u00e3o ou terra ind\u00edgena.<\/p>\n\n\n\n<p>\u201cPor isso, destinar essas terras a povos e comunidades tradicionais ou \u00e0 conserva\u00e7\u00e3o \u00e9 uma a\u00e7\u00e3o urgente de prote\u00e7\u00e3o do patrim\u00f4nio p\u00fablico e ambiental dos amazonenses e dos brasileiros\u201d, concluiu o instituto.<\/p>\n\n\n\n<p>Fonte: Ag\u00eancia Brasil<\/p>\n\n\n\n<p><\/p>\n","protected":false},"excerpt":{"rendered":"<p>Estudo do Imazon mapeou retirada ilegal de madeira no estado Dos 68 mil hectares em que h\u00e1 explora\u00e7\u00e3o madeireira no Amazonas, 42 mil n\u00e3o tinham autoriza\u00e7\u00e3o dos \u00f3rg\u00e3os ambientais para a atividade, de acordo com levantamento divulgado nesta sexta-feira (5) pelo instituto de pesquisa Imazon. Isso significa que 62% da [&hellip;]<\/p>\n","protected":false},"author":1,"featured_media":3082,"comment_status":"open","ping_status":"open","sticky":false,"template":"","format":"standard","meta":{"footnotes":""},"categories":[261],"tags":[657,659,656],"class_list":{"0":"post-3081","1":"post","2":"type-post","3":"status-publish","4":"format-standard","5":"has-post-thumbnail","7":"category-meio-ambiente","8":"tag-acre","9":"tag-boca-do-acre","10":"tag-desmatamento-ilegal"},"_links":{"self":[{"href":"https:\/\/cristalvoxnews.com.br\/index.php?rest_route=\/wp\/v2\/posts\/3081","targetHints":{"allow":["GET"]}}],"collection":[{"href":"https:\/\/cristalvoxnews.com.br\/index.php?rest_route=\/wp\/v2\/posts"}],"about":[{"href":"https:\/\/cristalvoxnews.com.br\/index.php?rest_route=\/wp\/v2\/types\/post"}],"author":[{"embeddable":true,"href":"https:\/\/cristalvoxnews.com.br\/index.php?rest_route=\/wp\/v2\/users\/1"}],"replies":[{"embeddable":true,"href":"https:\/\/cristalvoxnews.com.br\/index.php?rest_route=%2Fwp%2Fv2%2Fcomments&post=3081"}],"version-history":[{"count":2,"href":"https:\/\/cristalvoxnews.com.br\/index.php?rest_route=\/wp\/v2\/posts\/3081\/revisions"}],"predecessor-version":[{"id":3085,"href":"https:\/\/cristalvoxnews.com.br\/index.php?rest_route=\/wp\/v2\/posts\/3081\/revisions\/3085"}],"wp:featuredmedia":[{"embeddable":true,"href":"https:\/\/cristalvoxnews.com.br\/index.php?rest_route=\/wp\/v2\/media\/3082"}],"wp:attachment":[{"href":"https:\/\/cristalvoxnews.com.br\/index.php?rest_route=%2Fwp%2Fv2%2Fmedia&parent=3081"}],"wp:term":[{"taxonomy":"category","embeddable":true,"href":"https:\/\/cristalvoxnews.com.br\/index.php?rest_route=%2Fwp%2Fv2%2Fcategories&post=3081"},{"taxonomy":"post_tag","embeddable":true,"href":"https:\/\/cristalvoxnews.com.br\/index.php?rest_route=%2Fwp%2Fv2%2Ftags&post=3081"}],"curies":[{"name":"wp","href":"https:\/\/api.w.org\/{rel}","templated":true}]}}