{"id":3069,"date":"2025-12-03T13:03:23","date_gmt":"2025-12-03T16:03:23","guid":{"rendered":"https:\/\/cristalvoxnews.com.br\/?p=3069"},"modified":"2025-12-11T15:56:30","modified_gmt":"2025-12-11T18:56:30","slug":"ramagem-e-anderson-torres-sao-demitidos-dos-quadros-da-policia-federal","status":"publish","type":"post","link":"https:\/\/cristalvoxnews.com.br\/?p=3069","title":{"rendered":"Ramagem e Anderson Torres s\u00e3o demitidos dos quadros da Pol\u00edcia Federal"},"content":{"rendered":"\n<p><strong>\u00a0O ministro da Justi\u00e7a, Ricardo Lewandowski, anunciou a demiss\u00e3o dos delegados Alexandre Ramagem e Anderson Torres da Pol\u00edcia Federal.<\/strong><\/p>\n\n\n\n<p>O ministro da Justi\u00e7a, Ricardo Lewandowski, desligou nesta quarta-feira os delegados Alexandre Ramagem e Anderson Torres dos quadros da Pol\u00edcia Federal. A medida atende \u00e0 decis\u00e3o da Primeira Turma do Supremo Tribunal Federal que decretou a perda do cargo p\u00fablico dos dois no \u00e2mbito da a\u00e7\u00e3o penal sobre a trama golpista. Deputado federal, Ramagem foi diretor da Ag\u00eancia Brasileira de Intelig\u00eancia durante o governo Bolsonaro, enquanto Torres foi ministro da Justi\u00e7a e secret\u00e1rio de Seguran\u00e7a P\u00fablica do Distrito Federal.<\/p>\n\n\n\n<p>Torres e Ramagem foram condenados por envolvimento em uma tentativa de golpe de Estado ocorrida no fim de 2022. Torres pegou uma pena de 24 anos de pris\u00e3o, e Ramagem, de 16 anos. No mesmo julgamento, o ex-presidente Jair Bolsonaro (PL) foi sentenciado 27 anos.<\/p>\n\n\n\n<p>O ex-ministro da Justi\u00e7a est\u00e1 preso no 19\u00ba Batalh\u00e3o da Pol\u00edcia Militar do Distrito Federal, local conhecido como &#8220;Papudinha&#8221;, por ficar dentro do Complexo Penitenci\u00e1rio da Papuda. O deputado federal, por sua vez, fugiu do Brasil e est\u00e1 nos Estados Unidos.<\/p>\n\n\n\n<p>A destitui\u00e7\u00e3o do cargo dos dois delegados da PF foi determinada ap\u00f3s o ministro do Supremo Tribunal Federal, Alexandre de Moraes, relator do caso na Corte, decretar o tr\u00e2nsito em julgado do processo. Isso significa que a a\u00e7\u00e3o penal foi encerrada e n\u00e3o h\u00e1 mais possibilidade de recursos.<\/p>\n\n\n\n<p><\/p>\n","protected":false},"excerpt":{"rendered":"<p>\u00a0O ministro da Justi\u00e7a, Ricardo Lewandowski, anunciou a demiss\u00e3o dos delegados Alexandre Ramagem e Anderson Torres da Pol\u00edcia Federal. O ministro da Justi\u00e7a, Ricardo Lewandowski, desligou nesta quarta-feira os delegados Alexandre Ramagem e Anderson Torres dos quadros da Pol\u00edcia Federal. A medida atende \u00e0 decis\u00e3o da Primeira Turma do Supremo [&hellip;]<\/p>\n","protected":false},"author":1,"featured_media":3070,"comment_status":"open","ping_status":"open","sticky":false,"template":"","format":"standard","meta":{"footnotes":""},"categories":[256],"tags":[650,655,654,653],"class_list":{"0":"post-3069","1":"post","2":"type-post","3":"status-publish","4":"format-standard","5":"has-post-thumbnail","7":"category-politica","8":"tag-anderson-torres","9":"tag-demissao","10":"tag-ministerio-da-justica","11":"tag-ricardo-lewandowski"},"_links":{"self":[{"href":"https:\/\/cristalvoxnews.com.br\/index.php?rest_route=\/wp\/v2\/posts\/3069","targetHints":{"allow":["GET"]}}],"collection":[{"href":"https:\/\/cristalvoxnews.com.br\/index.php?rest_route=\/wp\/v2\/posts"}],"about":[{"href":"https:\/\/cristalvoxnews.com.br\/index.php?rest_route=\/wp\/v2\/types\/post"}],"author":[{"embeddable":true,"href":"https:\/\/cristalvoxnews.com.br\/index.php?rest_route=\/wp\/v2\/users\/1"}],"replies":[{"embeddable":true,"href":"https:\/\/cristalvoxnews.com.br\/index.php?rest_route=%2Fwp%2Fv2%2Fcomments&post=3069"}],"version-history":[{"count":1,"href":"https:\/\/cristalvoxnews.com.br\/index.php?rest_route=\/wp\/v2\/posts\/3069\/revisions"}],"predecessor-version":[{"id":3071,"href":"https:\/\/cristalvoxnews.com.br\/index.php?rest_route=\/wp\/v2\/posts\/3069\/revisions\/3071"}],"wp:featuredmedia":[{"embeddable":true,"href":"https:\/\/cristalvoxnews.com.br\/index.php?rest_route=\/wp\/v2\/media\/3070"}],"wp:attachment":[{"href":"https:\/\/cristalvoxnews.com.br\/index.php?rest_route=%2Fwp%2Fv2%2Fmedia&parent=3069"}],"wp:term":[{"taxonomy":"category","embeddable":true,"href":"https:\/\/cristalvoxnews.com.br\/index.php?rest_route=%2Fwp%2Fv2%2Fcategories&post=3069"},{"taxonomy":"post_tag","embeddable":true,"href":"https:\/\/cristalvoxnews.com.br\/index.php?rest_route=%2Fwp%2Fv2%2Ftags&post=3069"}],"curies":[{"name":"wp","href":"https:\/\/api.w.org\/{rel}","templated":true}]}}