{"id":3064,"date":"2025-12-03T10:38:11","date_gmt":"2025-12-03T13:38:11","guid":{"rendered":"https:\/\/cristalvoxnews.com.br\/?p=3064"},"modified":"2025-12-11T15:56:32","modified_gmt":"2025-12-11T18:56:32","slug":"policia-federal-faz-operacao-na-13a-vara-de-curitiba-que-cuidou-da-lava-jato","status":"publish","type":"post","link":"https:\/\/cristalvoxnews.com.br\/?p=3064","title":{"rendered":"Pol\u00edcia Federal faz opera\u00e7\u00e3o na  13a. Vara de Curitiba que cuidou da Lava Jato"},"content":{"rendered":"\n<p><strong>A\u00e7\u00e3o foi determinada pelo ministro Dias Toffoli, do Supremo Tribunal Federal (STF). Vara ficou conhecida por conduzir processos da Lava Jato.<\/strong><\/p>\n\n\n\n<p>A 13\u00aa Vara Federal de&nbsp;<a class=\"\" href=\"https:\/\/g1.globo.com\/pr\/parana\/cidade\/curitiba\/\">Curitiba<\/a>&nbsp;\u00e9 alvo de uma opera\u00e7\u00e3o realizada na manh\u00e3 desta quarta-feira (3). Conforme apura\u00e7\u00e3o da&nbsp;<strong>RPC<\/strong>, afiliada da&nbsp;<strong>TV Globo<\/strong>&nbsp;no Paran\u00e1, a a\u00e7\u00e3o foi determinada pelo ministro Dias Toffoli, do Supremo Tribunal Federal (STF).<\/p>\n\n\n\n<p>Os mandados s\u00e3o cumpridos pela Pol\u00edcia Federal (PF), que realiza buscas e recolhimentos de documentos relacionados a investiga\u00e7\u00f5es ordenadas pela 13\u00aa Vara, conhecida por ser respons\u00e1vel pelos processos da Lava Jato.<\/p>\n","protected":false},"excerpt":{"rendered":"<p>A\u00e7\u00e3o foi determinada pelo ministro Dias Toffoli, do Supremo Tribunal Federal (STF). Vara ficou conhecida por conduzir processos da Lava Jato. A 13\u00aa Vara Federal de&nbsp;Curitiba&nbsp;\u00e9 alvo de uma opera\u00e7\u00e3o realizada na manh\u00e3 desta quarta-feira (3). Conforme apura\u00e7\u00e3o da&nbsp;RPC, afiliada da&nbsp;TV Globo&nbsp;no Paran\u00e1, a a\u00e7\u00e3o foi determinada pelo ministro Dias [&hellip;]<\/p>\n","protected":false},"author":1,"featured_media":3065,"comment_status":"open","ping_status":"open","sticky":false,"template":"","format":"standard","meta":{"footnotes":""},"categories":[260],"tags":[644,643,428],"class_list":{"0":"post-3064","1":"post","2":"type-post","3":"status-publish","4":"format-standard","5":"has-post-thumbnail","7":"category-justica","8":"tag-dias-toffoli","9":"tag-justica-federal-curitiba","10":"tag-policia-federal"},"_links":{"self":[{"href":"https:\/\/cristalvoxnews.com.br\/index.php?rest_route=\/wp\/v2\/posts\/3064","targetHints":{"allow":["GET"]}}],"collection":[{"href":"https:\/\/cristalvoxnews.com.br\/index.php?rest_route=\/wp\/v2\/posts"}],"about":[{"href":"https:\/\/cristalvoxnews.com.br\/index.php?rest_route=\/wp\/v2\/types\/post"}],"author":[{"embeddable":true,"href":"https:\/\/cristalvoxnews.com.br\/index.php?rest_route=\/wp\/v2\/users\/1"}],"replies":[{"embeddable":true,"href":"https:\/\/cristalvoxnews.com.br\/index.php?rest_route=%2Fwp%2Fv2%2Fcomments&post=3064"}],"version-history":[{"count":1,"href":"https:\/\/cristalvoxnews.com.br\/index.php?rest_route=\/wp\/v2\/posts\/3064\/revisions"}],"predecessor-version":[{"id":3066,"href":"https:\/\/cristalvoxnews.com.br\/index.php?rest_route=\/wp\/v2\/posts\/3064\/revisions\/3066"}],"wp:featuredmedia":[{"embeddable":true,"href":"https:\/\/cristalvoxnews.com.br\/index.php?rest_route=\/wp\/v2\/media\/3065"}],"wp:attachment":[{"href":"https:\/\/cristalvoxnews.com.br\/index.php?rest_route=%2Fwp%2Fv2%2Fmedia&parent=3064"}],"wp:term":[{"taxonomy":"category","embeddable":true,"href":"https:\/\/cristalvoxnews.com.br\/index.php?rest_route=%2Fwp%2Fv2%2Fcategories&post=3064"},{"taxonomy":"post_tag","embeddable":true,"href":"https:\/\/cristalvoxnews.com.br\/index.php?rest_route=%2Fwp%2Fv2%2Ftags&post=3064"}],"curies":[{"name":"wp","href":"https:\/\/api.w.org\/{rel}","templated":true}]}}