{"id":3057,"date":"2025-12-03T10:16:04","date_gmt":"2025-12-03T13:16:04","guid":{"rendered":"https:\/\/cristalvoxnews.com.br\/?p=3057"},"modified":"2025-12-11T15:56:33","modified_gmt":"2025-12-11T18:56:33","slug":"filho-de-lula-podera-ser-convocado-a-depor-na-cpmi-do-inss","status":"publish","type":"post","link":"https:\/\/cristalvoxnews.com.br\/?p=3057","title":{"rendered":"Filho de Lula poder\u00e1 ser convocado a depor na   CPMI do INSS"},"content":{"rendered":"\n<p><strong>Presidente da comiss\u00e3o afirmou que requerimento para convocar F\u00e1bio Lu\u00eds Lula da Silva  ser\u00e1 colocado em vota\u00e7\u00e3o na pr\u00f3xima quinta-feira<\/strong><\/p>\n\n\n\n<p>O presidente da CPMI do INSS, senador\u00a0<strong>Carlos Viana (Podemos-MG)<\/strong>\u00a0anunciou nesta ter\u00e7a-feira (2) que colocar\u00e1 em vota\u00e7\u00e3o um requerimento para convocar\u00a0<strong>F\u00e1bio Lu\u00eds Lula da Silva<\/strong>, o Lulinha, filho do presidente Luiz In\u00e1cio Lula da Silva (PT).<\/p>\n\n\n\n<p>Segundo Viana, o pedido, apresentado pelo Partido Novo,\u00a0 ser\u00e1 inclu\u00eddo na pauta da comiss\u00e3o na pr\u00f3xima quinta-feira (4).<\/p>\n\n\n\n<p>\u201cCada requerimento ser\u00e1 votado individualmente, para que o Brasil veja, com total transpar\u00eancia, como cada parlamentar votou\u201d, escreveu o senador no X (antigo Twitter).<a href=\"https:\/\/x.com\/carlosaviana\"><\/a><\/p>\n\n\n\n<p>&#8220;<a href=\"https:\/\/x.com\/carlosaviana\">@carlosaviana<\/a><\/p>\n\n\n\n<p>COMUNICADO OFICIAL Anuncio que a convoca\u00e7\u00e3o de F\u00e1bio Lu\u00eds Lula da Silva para depor na CPMI do INSS j\u00e1 est\u00e1 na pauta desta quinta-feira. E deixo claro: cada requerimento ser\u00e1 votado individualmente, para que o Brasil veja, com total transpar\u00eancia, como cada parlamentar votou. A verdade aparecer\u00e1 no painel. A CPMI n\u00e3o tem lado, n\u00e3o tem medo e n\u00e3o tem dono. Transpar\u00eancia total. Quem n\u00e3o deve, n\u00e3o teme. O Brasil quer respostas.&#8221;  Fonte: <a href=\"https:\/\/www.cnnbrasil.com.br\/autor\/rafael-villarroel\/\">Rafael Villarroel<\/a>, da CNN Brasil*,\u00a0<a href=\"https:\/\/www.cnnbrasil.com.br\/autor\/poliana-santos\/\">Poliana Santos<\/a>, S\u00e3o Paulo<a href=\"https:\/\/x.com\/carlosaviana\"><\/a><\/p>\n\n\n\n<p><a href=\"https:\/\/x.com\/carlosaviana\"><\/a><\/p>\n\n\n\n<p><\/p>\n","protected":false},"excerpt":{"rendered":"<p>Presidente da comiss\u00e3o afirmou que requerimento para convocar F\u00e1bio Lu\u00eds Lula da Silva ser\u00e1 colocado em vota\u00e7\u00e3o na pr\u00f3xima quinta-feira O presidente da CPMI do INSS, senador\u00a0Carlos Viana (Podemos-MG)\u00a0anunciou nesta ter\u00e7a-feira (2) que colocar\u00e1 em vota\u00e7\u00e3o um requerimento para convocar\u00a0F\u00e1bio Lu\u00eds Lula da Silva, o Lulinha, filho do presidente Luiz [&hellip;]<\/p>\n","protected":false},"author":1,"featured_media":3060,"comment_status":"open","ping_status":"open","sticky":false,"template":"","format":"standard","meta":{"footnotes":""},"categories":[256],"tags":[642,641,640],"class_list":{"0":"post-3057","1":"post","2":"type-post","3":"status-publish","4":"format-standard","5":"has-post-thumbnail","7":"category-politica","8":"tag-convocacao","9":"tag-cpi-do-inss","10":"tag-lulinha"},"_links":{"self":[{"href":"https:\/\/cristalvoxnews.com.br\/index.php?rest_route=\/wp\/v2\/posts\/3057","targetHints":{"allow":["GET"]}}],"collection":[{"href":"https:\/\/cristalvoxnews.com.br\/index.php?rest_route=\/wp\/v2\/posts"}],"about":[{"href":"https:\/\/cristalvoxnews.com.br\/index.php?rest_route=\/wp\/v2\/types\/post"}],"author":[{"embeddable":true,"href":"https:\/\/cristalvoxnews.com.br\/index.php?rest_route=\/wp\/v2\/users\/1"}],"replies":[{"embeddable":true,"href":"https:\/\/cristalvoxnews.com.br\/index.php?rest_route=%2Fwp%2Fv2%2Fcomments&post=3057"}],"version-history":[{"count":3,"href":"https:\/\/cristalvoxnews.com.br\/index.php?rest_route=\/wp\/v2\/posts\/3057\/revisions"}],"predecessor-version":[{"id":3063,"href":"https:\/\/cristalvoxnews.com.br\/index.php?rest_route=\/wp\/v2\/posts\/3057\/revisions\/3063"}],"wp:featuredmedia":[{"embeddable":true,"href":"https:\/\/cristalvoxnews.com.br\/index.php?rest_route=\/wp\/v2\/media\/3060"}],"wp:attachment":[{"href":"https:\/\/cristalvoxnews.com.br\/index.php?rest_route=%2Fwp%2Fv2%2Fmedia&parent=3057"}],"wp:term":[{"taxonomy":"category","embeddable":true,"href":"https:\/\/cristalvoxnews.com.br\/index.php?rest_route=%2Fwp%2Fv2%2Fcategories&post=3057"},{"taxonomy":"post_tag","embeddable":true,"href":"https:\/\/cristalvoxnews.com.br\/index.php?rest_route=%2Fwp%2Fv2%2Ftags&post=3057"}],"curies":[{"name":"wp","href":"https:\/\/api.w.org\/{rel}","templated":true}]}}