{"id":3030,"date":"2025-11-30T10:44:00","date_gmt":"2025-11-30T13:44:00","guid":{"rendered":"https:\/\/cristalvoxnews.com.br\/?p=3030"},"modified":"2025-12-03T09:07:00","modified_gmt":"2025-12-03T12:07:00","slug":"gilmar-mendes-e-guiomar-feitosa-anunciam-separacao-apos-quase-duas-decadas-de-casamento","status":"publish","type":"post","link":"https:\/\/cristalvoxnews.com.br\/?p=3030","title":{"rendered":"Gilmar Mendes e Guiomar Feitosa anunciam separa\u00e7\u00e3o ap\u00f3s quase duas d\u00e9cadas de casamento"},"content":{"rendered":"\n<p>O ministro do STF (Supremo Tribunal Federal) Gilmar Mendes e a advogada Guiomar Feitosa se separaram depois de 18 anos de relacionamento. A informa\u00e7\u00e3o foi divulgada neste s\u00e1bado (29.nov.2025) pela coluna de M\u00f4nica Bergamo na Folha de S.Paulo e confirmada pelo Poder360.<\/p>\n\n\n\n<p>\u00c0 Folha de S.Paulo, ambos afirmaram que manter\u00e3o a amizade. \u201cCansamos de ser casados, mas n\u00e3o cansamos, e jamais cansaremos, de ser amigos\u201d, disse Guiomar. Gilmar declarou: \u201cNada muda em uma rela\u00e7\u00e3o de muita amizade e respeito\u201d.<\/p>\n\n\n\n<p>Ao Poder360, Guiomar disse que a decis\u00e3o foi \u201cmuito refletida\u201d e que ela e Gilmar t\u00eam \u201cuma bela hist\u00f3ria juntos\u201d. \u201cN\u00e3o \u00e9 uma despedida, nem um recome\u00e7o. \u00c9 o zelo pela amizade que tanto desejamos preservar. Nosso bem-querer foi determinante\u201d, afirmou a advogada.<\/p>\n\n\n\n<p>Gilmar e Guiomar se conheceram na d\u00e9cada de 1970. Os 2 estudaram direito na UnB (Universidade de Bras\u00edlia). Tiveram outros casamentos e s\u00f3 come\u00e7aram a rela\u00e7\u00e3o anos mais tarde.<\/p>\n\n\n\n<p>Gilmar e Guiomar se casaram em 2007 e formaram o que, segundo a coluna de M\u00f4nica Bergamo, a advogada classificou como um \u201cfamili\u00e3o\u201d: os 5 filhos e 4 netos dela&#8230;<br><br>Fonte: Poder 360<\/p>\n\n\n\n<p><\/p>\n\n\n\n<p><\/p>\n","protected":false},"excerpt":{"rendered":"<p>O ministro do STF (Supremo Tribunal Federal) Gilmar Mendes e a advogada Guiomar Feitosa se separaram depois de 18 anos de relacionamento. A informa\u00e7\u00e3o foi divulgada neste s\u00e1bado (29.nov.2025) pela coluna de M\u00f4nica Bergamo na Folha de S.Paulo e confirmada pelo Poder360. \u00c0 Folha de S.Paulo, ambos afirmaram que manter\u00e3o [&hellip;]<\/p>\n","protected":false},"author":1,"featured_media":3031,"comment_status":"open","ping_status":"open","sticky":false,"template":"","format":"standard","meta":{"footnotes":""},"categories":[258],"tags":[606,607,608],"class_list":{"0":"post-3030","1":"post","2":"type-post","3":"status-publish","4":"format-standard","5":"has-post-thumbnail","7":"category-brasil","8":"tag-gilmar-mendes","9":"tag-guiomar-feitosa","10":"tag-separacao"},"_links":{"self":[{"href":"https:\/\/cristalvoxnews.com.br\/index.php?rest_route=\/wp\/v2\/posts\/3030","targetHints":{"allow":["GET"]}}],"collection":[{"href":"https:\/\/cristalvoxnews.com.br\/index.php?rest_route=\/wp\/v2\/posts"}],"about":[{"href":"https:\/\/cristalvoxnews.com.br\/index.php?rest_route=\/wp\/v2\/types\/post"}],"author":[{"embeddable":true,"href":"https:\/\/cristalvoxnews.com.br\/index.php?rest_route=\/wp\/v2\/users\/1"}],"replies":[{"embeddable":true,"href":"https:\/\/cristalvoxnews.com.br\/index.php?rest_route=%2Fwp%2Fv2%2Fcomments&post=3030"}],"version-history":[{"count":2,"href":"https:\/\/cristalvoxnews.com.br\/index.php?rest_route=\/wp\/v2\/posts\/3030\/revisions"}],"predecessor-version":[{"id":3034,"href":"https:\/\/cristalvoxnews.com.br\/index.php?rest_route=\/wp\/v2\/posts\/3030\/revisions\/3034"}],"wp:featuredmedia":[{"embeddable":true,"href":"https:\/\/cristalvoxnews.com.br\/index.php?rest_route=\/wp\/v2\/media\/3031"}],"wp:attachment":[{"href":"https:\/\/cristalvoxnews.com.br\/index.php?rest_route=%2Fwp%2Fv2%2Fmedia&parent=3030"}],"wp:term":[{"taxonomy":"category","embeddable":true,"href":"https:\/\/cristalvoxnews.com.br\/index.php?rest_route=%2Fwp%2Fv2%2Fcategories&post=3030"},{"taxonomy":"post_tag","embeddable":true,"href":"https:\/\/cristalvoxnews.com.br\/index.php?rest_route=%2Fwp%2Fv2%2Ftags&post=3030"}],"curies":[{"name":"wp","href":"https:\/\/api.w.org\/{rel}","templated":true}]}}