{"id":3027,"date":"2025-11-30T10:39:21","date_gmt":"2025-11-30T13:39:21","guid":{"rendered":"https:\/\/cristalvoxnews.com.br\/?p=3027"},"modified":"2025-12-03T09:06:56","modified_gmt":"2025-12-03T12:06:56","slug":"psol-anuncia-filiacao-de-manuela-davila-e-disputa-pelo-senado-no-rs","status":"publish","type":"post","link":"https:\/\/cristalvoxnews.com.br\/?p=3027","title":{"rendered":"PSOL anuncia filia\u00e7\u00e3o de Manuela d&#8217;\u00c1vila e disputa pelo Senado no RS"},"content":{"rendered":"\n<p><strong>PSOL anuncia filia\u00e7\u00e3o de Manuela d&#8217;\u00c1vila e disputa pelo Senado no RS<\/strong><\/p>\n\n\n\n<p>Em publica\u00e7\u00e3o nas redes sociais, ex-deputada federal disse ter encontrado no partido o &#8220;compromisso profundo com mudan\u00e7as estruturais e o brilho das novas gera\u00e7\u00f5es&#8221;<\/p>\n\n\n\n<p>O&nbsp;<strong>PSOL (Partido Socialismo e Liberdade)<\/strong>&nbsp;anunciou, no s\u00e1bado (29), a filia\u00e7\u00e3o de&nbsp;<strong>Manuela d&#8217;\u00c1vila<\/strong>. Segundo a legenda, a ex-deputada federal deve disputar uma vaga no Senado pelo Rio Grande do Sul nas elei\u00e7\u00f5es de 2026.<\/p>\n\n\n\n<p>Em publica\u00e7\u00e3o nas redes sociais, Manuela \u2014&nbsp;<strong><a href=\"https:\/\/www.cnnbrasil.com.br\/politica\/apos-mais-de-duas-decadas-na-sigla-manuela-davila-diz-que-deixou-o-pcdob\/\" target=\"_blank\" rel=\"noreferrer noopener\">que no ano passado deixou o PCdoB (Partido Comunista do Brasil) ap\u00f3s mais de duas d\u00e9cadas<\/a><\/strong>&nbsp;\u2014 disse ter encontrado no PSOL o &#8220;compromisso profundo com mudan\u00e7as estruturais e o brilho das novas gera\u00e7\u00f5es&#8221;.<\/p>\n\n\n\n<p>&#8220;Quero grandes transforma\u00e7\u00f5es. N\u00e3o me conformo que essa realidade de desigualdade seja o destino final da humanidade. Sinto que fa\u00e7o parte dessa corrente centen\u00e1ria que empurra a hist\u00f3ria rumo a um mundo mais justo. Por isso me decidi me filiar ao PSOL&#8221;, escreveu a ex-parlamentar.<\/p>\n\n\n\n<p>&#8220;A esquerda brasileira \u00e9 diversa \u2014 e essa diversidade \u00e9 uma for\u00e7a. O desafio \u00e9 combin\u00e1-la com a unidade necess\u00e1ria diante do fascismo. A partir do PSOL, estarei junto de todas e todos que enfrentam a ultra-direita e defendem o nosso povo e o nosso pa\u00eds&#8221;, acrescentou Manuela.<\/p>\n\n\n\n<p>Fonte: CNN Brasil \u2013 por Lucas Schroeder<\/p>\n\n\n\n<p><\/p>\n","protected":false},"excerpt":{"rendered":"<p>PSOL anuncia filia\u00e7\u00e3o de Manuela d&#8217;\u00c1vila e disputa pelo Senado no RS Em publica\u00e7\u00e3o nas redes sociais, ex-deputada federal disse ter encontrado no partido o &#8220;compromisso profundo com mudan\u00e7as estruturais e o brilho das novas gera\u00e7\u00f5es&#8221; O&nbsp;PSOL (Partido Socialismo e Liberdade)&nbsp;anunciou, no s\u00e1bado (29), a filia\u00e7\u00e3o de&nbsp;Manuela d&#8217;\u00c1vila. Segundo a [&hellip;]<\/p>\n","protected":false},"author":1,"featured_media":3028,"comment_status":"open","ping_status":"open","sticky":false,"template":"","format":"standard","meta":{"footnotes":""},"categories":[256],"tags":[605,604,482,450],"class_list":{"0":"post-3027","1":"post","2":"type-post","3":"status-publish","4":"format-standard","5":"has-post-thumbnail","7":"category-politica","8":"tag-filiacao","9":"tag-manoela-davila","10":"tag-psol","11":"tag-senado"},"_links":{"self":[{"href":"https:\/\/cristalvoxnews.com.br\/index.php?rest_route=\/wp\/v2\/posts\/3027","targetHints":{"allow":["GET"]}}],"collection":[{"href":"https:\/\/cristalvoxnews.com.br\/index.php?rest_route=\/wp\/v2\/posts"}],"about":[{"href":"https:\/\/cristalvoxnews.com.br\/index.php?rest_route=\/wp\/v2\/types\/post"}],"author":[{"embeddable":true,"href":"https:\/\/cristalvoxnews.com.br\/index.php?rest_route=\/wp\/v2\/users\/1"}],"replies":[{"embeddable":true,"href":"https:\/\/cristalvoxnews.com.br\/index.php?rest_route=%2Fwp%2Fv2%2Fcomments&post=3027"}],"version-history":[{"count":1,"href":"https:\/\/cristalvoxnews.com.br\/index.php?rest_route=\/wp\/v2\/posts\/3027\/revisions"}],"predecessor-version":[{"id":3029,"href":"https:\/\/cristalvoxnews.com.br\/index.php?rest_route=\/wp\/v2\/posts\/3027\/revisions\/3029"}],"wp:featuredmedia":[{"embeddable":true,"href":"https:\/\/cristalvoxnews.com.br\/index.php?rest_route=\/wp\/v2\/media\/3028"}],"wp:attachment":[{"href":"https:\/\/cristalvoxnews.com.br\/index.php?rest_route=%2Fwp%2Fv2%2Fmedia&parent=3027"}],"wp:term":[{"taxonomy":"category","embeddable":true,"href":"https:\/\/cristalvoxnews.com.br\/index.php?rest_route=%2Fwp%2Fv2%2Fcategories&post=3027"},{"taxonomy":"post_tag","embeddable":true,"href":"https:\/\/cristalvoxnews.com.br\/index.php?rest_route=%2Fwp%2Fv2%2Ftags&post=3027"}],"curies":[{"name":"wp","href":"https:\/\/api.w.org\/{rel}","templated":true}]}}