{"id":3024,"date":"2025-11-30T10:35:52","date_gmt":"2025-11-30T13:35:52","guid":{"rendered":"https:\/\/cristalvoxnews.com.br\/?p=3024"},"modified":"2025-12-03T09:06:52","modified_gmt":"2025-12-03T12:06:52","slug":"heleno-e-o-alzeimer-prontuarios-consultas-e-medicos-o-que-o-general-precisa-apresentar-a-moraes","status":"publish","type":"post","link":"https:\/\/cristalvoxnews.com.br\/?p=3024","title":{"rendered":"Heleno e o Alzeimer: Prontu\u00e1rios, consultas e m\u00e9dicos&#8230;  o que o General precisa apresentar a Moraes"},"content":{"rendered":"\n<h2 class=\"wp-block-heading\">Ministro deu cinco dias para defesa comprovar quadro de Alzheimer; PGR se manifestou a favor de pris\u00e3o domiciliar para o general<\/h2>\n\n\n\n<p>O ministro Alexandre de Moraes, do STF (Supremo Tribunal Federal), exigiu uma s\u00e9rie de documentos comprobat\u00f3rios para decidir se conceder\u00e1 ou n\u00e3o pris\u00e3o domiciliar para o general Augusto Heleno.<\/p>\n\n\n\n<p>O militar, condenado por participa\u00e7\u00e3o em um plano de golpe para manter o ex-presidente Jair Bolsonaro no poder, est\u00e1 preso desde a \u00faltima ter\u00e7a-feira (29) no Comando Militar do Planalto, em Bras\u00edlia.<\/p>\n\n\n\n<p>Na ocasi\u00e3o, durante exame de corpo de delito, Heleno afirmou conviver com Alzheimer desde 2018. A alega\u00e7\u00e3o levou a Procuradoria-Geral da Rep\u00fablica a se manifestar a favor de o general cumprir a pena de 21 anos em casa.<\/p>\n\n\n\n<p>Moraes, no entanto, ainda n\u00e3o tomou uma decis\u00e3o. Antes, vai analisar todos os dados que a defesa do general ter\u00e1 que apresentar no prazo de cinco dias, conforme&nbsp;<a href=\"https:\/\/www.cnnbrasil.com.br\/politica\/moraes-da-cinco-dias-para-defesa-explicar-dados-medicos-de-heleno\/\">determina\u00e7\u00e3o publicada neste s\u00e1bado (29)<\/a>.<\/p>\n\n\n\n<p>As informa\u00e7\u00f5es requeridas pelo magistrado s\u00e3o:<\/p>\n\n\n\n<ul class=\"wp-block-list\">\n<li>\u00a0Exame inicial que teria identificado ou registrado sintomas do diagn\u00f3stico de dem\u00eancia mista (Alzheimer e vascular), em 2018;<\/li>\n\n\n\n<li>Todos os relat\u00f3rios, exames, avalia\u00e7\u00f5es m\u00e9dicas, neuropsicol\u00f3gicas e psiqui\u00e1tricas produzidos desde 2018, inclusive prontu\u00e1rios, laudos evolutivos, prescri\u00e7\u00f5es e documentos correlatos que comprovem o alegado;<\/li>\n\n\n\n<li>Documentos comprobat\u00f3rios da realiza\u00e7\u00e3o de consultas e os m\u00e9dicos que acompanharam a evolu\u00e7\u00e3o da dem\u00eancia mista (Alzheimer vascular durante) todo esse per\u00edodo.<\/li>\n\n\n\n<li>Ao exigir os documentos, Moraes destaca que o per\u00edodo de conv\u00edvio com a doen\u00e7a alegado por Heleno coincide com o per\u00edodo em que o militar exerceu o cargo de ministro do GSI (Gabinete de Seguran\u00e7a Institucional).<\/li>\n\n\n\n<li>Diante disso, o ministro quer saber se, \u00e0 \u00e9poca, o general comunicou o diagn\u00f3stico ao servi\u00e7o de sa\u00fade da Presid\u00eancia da Rep\u00fablica ou a algum outro \u00f3rg\u00e3o do governo federal.<\/li>\n\n\n\n<li>Em um despacho complementar, o ministro determinou que todos os dados fiquem sob sigilo por conter informa\u00e7\u00f5es sens\u00edveis da vida privada do militar.<\/li>\n<\/ul>\n\n\n\n<p><strong>Manifesta\u00e7\u00e3o da PGR<\/strong><\/p>\n\n\n\n<p>O procurador-geral da Rep\u00fablica, Paulo Gonet, se manifestou a favor da concess\u00e3o de&nbsp;<a href=\"https:\/\/www.cnnbrasil.com.br\/politica\/pgr-se-manifesta-a-favor-de-prisao-domiciliar-para-augusto-heleno\/\">pris\u00e3o domiciliar para o general Augusto Heleno<\/a>&nbsp;na \u00faltima sexta-feira (28). Fonte: CNN<\/p>\n\n\n\n<p><\/p>\n","protected":false},"excerpt":{"rendered":"<p>Ministro deu cinco dias para defesa comprovar quadro de Alzheimer; PGR se manifestou a favor de pris\u00e3o domiciliar para o general O ministro Alexandre de Moraes, do STF (Supremo Tribunal Federal), exigiu uma s\u00e9rie de documentos comprobat\u00f3rios para decidir se conceder\u00e1 ou n\u00e3o pris\u00e3o domiciliar para o general Augusto Heleno. [&hellip;]<\/p>\n","protected":false},"author":1,"featured_media":3025,"comment_status":"open","ping_status":"open","sticky":false,"template":"","format":"standard","meta":{"footnotes":""},"categories":[256],"tags":[364,600,602,599,426,603,601,282],"class_list":{"0":"post-3024","1":"post","2":"type-post","3":"status-publish","4":"format-standard","5":"has-post-thumbnail","7":"category-politica","8":"tag-alexandre-de-moraes","9":"tag-alzeimer","10":"tag-consultas","11":"tag-general-heleno","12":"tag-medicos","13":"tag-prisao-domiciliar","14":"tag-prontuarios","15":"tag-stf"},"_links":{"self":[{"href":"https:\/\/cristalvoxnews.com.br\/index.php?rest_route=\/wp\/v2\/posts\/3024","targetHints":{"allow":["GET"]}}],"collection":[{"href":"https:\/\/cristalvoxnews.com.br\/index.php?rest_route=\/wp\/v2\/posts"}],"about":[{"href":"https:\/\/cristalvoxnews.com.br\/index.php?rest_route=\/wp\/v2\/types\/post"}],"author":[{"embeddable":true,"href":"https:\/\/cristalvoxnews.com.br\/index.php?rest_route=\/wp\/v2\/users\/1"}],"replies":[{"embeddable":true,"href":"https:\/\/cristalvoxnews.com.br\/index.php?rest_route=%2Fwp%2Fv2%2Fcomments&post=3024"}],"version-history":[{"count":2,"href":"https:\/\/cristalvoxnews.com.br\/index.php?rest_route=\/wp\/v2\/posts\/3024\/revisions"}],"predecessor-version":[{"id":3036,"href":"https:\/\/cristalvoxnews.com.br\/index.php?rest_route=\/wp\/v2\/posts\/3024\/revisions\/3036"}],"wp:featuredmedia":[{"embeddable":true,"href":"https:\/\/cristalvoxnews.com.br\/index.php?rest_route=\/wp\/v2\/media\/3025"}],"wp:attachment":[{"href":"https:\/\/cristalvoxnews.com.br\/index.php?rest_route=%2Fwp%2Fv2%2Fmedia&parent=3024"}],"wp:term":[{"taxonomy":"category","embeddable":true,"href":"https:\/\/cristalvoxnews.com.br\/index.php?rest_route=%2Fwp%2Fv2%2Fcategories&post=3024"},{"taxonomy":"post_tag","embeddable":true,"href":"https:\/\/cristalvoxnews.com.br\/index.php?rest_route=%2Fwp%2Fv2%2Ftags&post=3024"}],"curies":[{"name":"wp","href":"https:\/\/api.w.org\/{rel}","templated":true}]}}