{"id":3005,"date":"2025-11-29T12:05:09","date_gmt":"2025-11-29T15:05:09","guid":{"rendered":"https:\/\/cristalvoxnews.com.br\/?p=3005"},"modified":"2025-11-30T10:30:29","modified_gmt":"2025-11-30T13:30:29","slug":"se-for-o-macaco-tiao-contra-lula-eu-prefiro-o-macaco-tiao-diz-eduardo-sobre-apoiar-tarcisio","status":"publish","type":"post","link":"https:\/\/cristalvoxnews.com.br\/?p=3005","title":{"rendered":"\u201cSe for o Macaco Ti\u00e3o contra Lula eu prefiro o Macaco Ti\u00e3o\u201d, diz Eduardo sobre apoiar Tarc\u00edsio"},"content":{"rendered":"\n<p><strong>Para filho de ex-presidente, governador de SP n\u00e3o \u00e9 de direita<\/strong><\/p>\n\n\n\n<p>O\u00a0<a href=\"https:\/\/www.correiodopovo.com.br\/topicos\/Tag\/eduardo%20bolsonaro\" target=\"_blank\" rel=\"noreferrer noopener\"><strong>deputado federal Eduardo Bolsonaro (PL-SP)\u00a0<\/strong><\/a>admitiu nesta sexta-feira, 28, que n\u00e3o descarta a possibilidade de apoiar o<strong>\u00a0<a href=\"https:\/\/www.correiodopovo.com.br\/not%C3%ADcias\/pol%C3%ADtica\/tarcisio-diz-nao-achar-absurdo-haver-prisao-perpetua-no-brasil-e-elogia-medidas-de-bukele-1.1671054\" target=\"_blank\" rel=\"noreferrer noopener\">governador de S\u00e3o Paulo, Tarc\u00edsio de Freitas (Republicanos)<\/a><\/strong>, como candidato \u00e0 Presid\u00eancia da Rep\u00fablica em 2026.<\/p>\n\n\n\n<p>Em uma publica\u00e7\u00e3o no X, Eduardo afirmou que &#8220;sempre disse que onde o PT estiver&#8221;, ele estar\u00e1 &#8220;do outro lado&#8221;: &#8220;Se for o Macaco Ti\u00e3o contra Lula eu prefiro o Macaco Ti\u00e3o&#8221;, escreveu.<\/p>\n\n\n\n<p>Em entrevista ao Uol, apesar de falar sobre a possibilidade de voto em Tarc\u00edsio, Eduardo disse que o governador de S\u00e3o Paulo &#8220;n\u00e3o \u00e9 de direita&#8221;, e que ele tenta &#8220;navegar por mares calmos&#8221;: &#8220;Eu s\u00f3 me reservo ao direito de n\u00e3o enganar o meu eleitor, porque existe uma rela\u00e7\u00e3o de confian\u00e7a&#8221;, afirmou.<\/p>\n\n\n\n<p>&#8220;Agora, n\u00e3o venham querer pintar o Tarc\u00edsio como uma pessoa de direita, porque ele n\u00e3o \u00e9. O Tarc\u00edsio \u00e9 um tecnocrata de centro que, no cen\u00e1rio pol\u00edtico, ele acha que ainda h\u00e1 margem para o di\u00e1logo com o [ministro do STF Alexandre de] Moraes&#8221;, disse.<\/p>\n\n\n\n<p>Depois da entrevista, filho do&nbsp;<a href=\"https:\/\/www.correiodopovo.com.br\/not%C3%ADcias\/pol%C3%ADtica\/pl-suspende-salario-e-atividades-de-bolsonaro-apos-comecar-a-cumprir-pena-de-prisao-1.1671028\" target=\"_blank\" rel=\"noreferrer noopener\"><strong>ex-presidente Jair Bolsonaro (PL)<\/strong><\/a>&nbsp;foi \u00e0s redes sociais para comentar sobre o assunto. Na postagem, ele sugeriu o oportunismo do governador e disse que &#8220;Tarc\u00edsio \u00e9 o candidato que o sistema quer&#8221;.<\/p>\n\n\n\n<p>&#8220;Tarc\u00edsio \u00e9 o candidato que o sistema quer e eu sempre serei claro e verdadeiro com meus eleitores e apoiadores. Uma pessoa de princ\u00edpios, ao ver que mant\u00e9m em c\u00e1rcere privado um sujeito apenas para benefici\u00e1-lo numa elei\u00e7\u00e3o, deveria ser a primeira a recusar a candidatura &#8211; a qualquer cargo. O apego ao cargo detona com o pol\u00edtico. Eu n\u00e3o compactuo com quem prende idosos e pessoas inocentes&#8221;, disse. Fonte: CP e Estad\u00e3o Conte\u00fado<\/p>\n\n\n\n<p><\/p>\n","protected":false},"excerpt":{"rendered":"<p>Para filho de ex-presidente, governador de SP n\u00e3o \u00e9 de direita O\u00a0deputado federal Eduardo Bolsonaro (PL-SP)\u00a0admitiu nesta sexta-feira, 28, que n\u00e3o descarta a possibilidade de apoiar o\u00a0governador de S\u00e3o Paulo, Tarc\u00edsio de Freitas (Republicanos), como candidato \u00e0 Presid\u00eancia da Rep\u00fablica em 2026. Em uma publica\u00e7\u00e3o no X, Eduardo afirmou que [&hellip;]<\/p>\n","protected":false},"author":1,"featured_media":3006,"comment_status":"open","ping_status":"open","sticky":false,"template":"","format":"standard","meta":{"footnotes":""},"categories":[256],"tags":[289,575,577,576],"class_list":{"0":"post-3005","1":"post","2":"type-post","3":"status-publish","4":"format-standard","5":"has-post-thumbnail","7":"category-politica","8":"tag-eduardo-bolsonaro","9":"tag-macaco-tiao","10":"tag-presidencia-2","11":"tag-tarcisio-de-freitas-2"},"_links":{"self":[{"href":"https:\/\/cristalvoxnews.com.br\/index.php?rest_route=\/wp\/v2\/posts\/3005","targetHints":{"allow":["GET"]}}],"collection":[{"href":"https:\/\/cristalvoxnews.com.br\/index.php?rest_route=\/wp\/v2\/posts"}],"about":[{"href":"https:\/\/cristalvoxnews.com.br\/index.php?rest_route=\/wp\/v2\/types\/post"}],"author":[{"embeddable":true,"href":"https:\/\/cristalvoxnews.com.br\/index.php?rest_route=\/wp\/v2\/users\/1"}],"replies":[{"embeddable":true,"href":"https:\/\/cristalvoxnews.com.br\/index.php?rest_route=%2Fwp%2Fv2%2Fcomments&post=3005"}],"version-history":[{"count":1,"href":"https:\/\/cristalvoxnews.com.br\/index.php?rest_route=\/wp\/v2\/posts\/3005\/revisions"}],"predecessor-version":[{"id":3007,"href":"https:\/\/cristalvoxnews.com.br\/index.php?rest_route=\/wp\/v2\/posts\/3005\/revisions\/3007"}],"wp:featuredmedia":[{"embeddable":true,"href":"https:\/\/cristalvoxnews.com.br\/index.php?rest_route=\/wp\/v2\/media\/3006"}],"wp:attachment":[{"href":"https:\/\/cristalvoxnews.com.br\/index.php?rest_route=%2Fwp%2Fv2%2Fmedia&parent=3005"}],"wp:term":[{"taxonomy":"category","embeddable":true,"href":"https:\/\/cristalvoxnews.com.br\/index.php?rest_route=%2Fwp%2Fv2%2Fcategories&post=3005"},{"taxonomy":"post_tag","embeddable":true,"href":"https:\/\/cristalvoxnews.com.br\/index.php?rest_route=%2Fwp%2Fv2%2Ftags&post=3005"}],"curies":[{"name":"wp","href":"https:\/\/api.w.org\/{rel}","templated":true}]}}