{"id":2999,"date":"2025-11-28T20:42:52","date_gmt":"2025-11-28T23:42:52","guid":{"rendered":"https:\/\/cristalvoxnews.com.br\/?p=2999"},"modified":"2025-11-29T16:39:25","modified_gmt":"2025-11-29T19:39:25","slug":"desemprego-cai-a-54-e-atinge-menor-patamar-da-serie-historica-diz-ibge","status":"publish","type":"post","link":"https:\/\/cristalvoxnews.com.br\/?p=2999","title":{"rendered":"Desemprego cai a 5,4% e atinge menor patamar da s\u00e9rie hist\u00f3rica, diz IBGE"},"content":{"rendered":"\n<p><strong>Resultado ficou abaixo da expectativa do mercado para o trimestre encerrado em outubro; empregados com carteira assinada renovou recorde<\/strong><\/p>\n\n\n\n<p>A<strong>\u00a0taxa de desemprego<\/strong>\u00a0no Brasil caiu para 5,4% no trimestre encerrado em outubro e atingiu o menor patamar da s\u00e9rie hist\u00f3rica, que iniciou em 2012, segundo a Pnad (Pesquisa Nacional por Amostra de Domic\u00edlios) Cont\u00ednua, divulgada pelo IBGE (Instituto Brasileiro de Geografia e Estat\u00edstica) nesta sexta-feira (28).<\/p>\n\n\n\n<p>O resultado ficou abaixo das expectativas do mercado, de queda de 5,5% no per\u00edodo. Comparado ao trimestre m\u00f3vel encerrado em outubro de 2024 (6,2%), o indicador caiu 0,7 pontos percentuais.<\/p>\n\n\n\n<p>No trimestre, a\u00a0<strong>popula\u00e7\u00e3o desocupada no pa\u00eds caiu ao seu menor contingente,<\/strong>\u00a0de 5,910 milh\u00f5es, recuando nas duas compara\u00e7\u00f5es. Houve uma queda de 3,4%no trimestre e recuo de 11,8% no ano.<\/p>\n\n\n\n<p>O total de&nbsp;<strong>trabalhadores no Brasil permaneceu est\u00e1vel<\/strong>, em 102,5 milh\u00f5es, ainda em patamar recorde, enquanto o n\u00edvel da ocupa\u00e7\u00e3o \u2013 pessoas ocupadas na popula\u00e7\u00e3o em idade de trabalhar \u2013 ficou em 58,8%.<\/p>\n\n\n\n<p>Al\u00e9m disso, o\u00a0<strong>n\u00famero de empregados com carteira assinada renovou recorde<\/strong>, para 39,182 milh\u00f5es, mostrou o IBGE.   Fonte: <a href=\"https:\/\/www.cnnbrasil.com.br\/autor\/gisele-farias-2\/\">Gisele Farias<\/a>,  CNN Brasil, <\/p>\n\n\n\n<p><\/p>\n","protected":false},"excerpt":{"rendered":"<p>Resultado ficou abaixo da expectativa do mercado para o trimestre encerrado em outubro; empregados com carteira assinada renovou recorde A\u00a0taxa de desemprego\u00a0no Brasil caiu para 5,4% no trimestre encerrado em outubro e atingiu o menor patamar da s\u00e9rie hist\u00f3rica, que iniciou em 2012, segundo a Pnad (Pesquisa Nacional por Amostra [&hellip;]<\/p>\n","protected":false},"author":1,"featured_media":3000,"comment_status":"open","ping_status":"open","sticky":false,"template":"","format":"standard","meta":{"footnotes":""},"categories":[259],"tags":[561,563,562],"class_list":{"0":"post-2999","1":"post","2":"type-post","3":"status-publish","4":"format-standard","5":"has-post-thumbnail","7":"category-economia","8":"tag-desemprego","9":"tag-taxa-de-desemprego","10":"tag-trabalhadores-no-brasil"},"_links":{"self":[{"href":"https:\/\/cristalvoxnews.com.br\/index.php?rest_route=\/wp\/v2\/posts\/2999","targetHints":{"allow":["GET"]}}],"collection":[{"href":"https:\/\/cristalvoxnews.com.br\/index.php?rest_route=\/wp\/v2\/posts"}],"about":[{"href":"https:\/\/cristalvoxnews.com.br\/index.php?rest_route=\/wp\/v2\/types\/post"}],"author":[{"embeddable":true,"href":"https:\/\/cristalvoxnews.com.br\/index.php?rest_route=\/wp\/v2\/users\/1"}],"replies":[{"embeddable":true,"href":"https:\/\/cristalvoxnews.com.br\/index.php?rest_route=%2Fwp%2Fv2%2Fcomments&post=2999"}],"version-history":[{"count":1,"href":"https:\/\/cristalvoxnews.com.br\/index.php?rest_route=\/wp\/v2\/posts\/2999\/revisions"}],"predecessor-version":[{"id":3001,"href":"https:\/\/cristalvoxnews.com.br\/index.php?rest_route=\/wp\/v2\/posts\/2999\/revisions\/3001"}],"wp:featuredmedia":[{"embeddable":true,"href":"https:\/\/cristalvoxnews.com.br\/index.php?rest_route=\/wp\/v2\/media\/3000"}],"wp:attachment":[{"href":"https:\/\/cristalvoxnews.com.br\/index.php?rest_route=%2Fwp%2Fv2%2Fmedia&parent=2999"}],"wp:term":[{"taxonomy":"category","embeddable":true,"href":"https:\/\/cristalvoxnews.com.br\/index.php?rest_route=%2Fwp%2Fv2%2Fcategories&post=2999"},{"taxonomy":"post_tag","embeddable":true,"href":"https:\/\/cristalvoxnews.com.br\/index.php?rest_route=%2Fwp%2Fv2%2Ftags&post=2999"}],"curies":[{"name":"wp","href":"https:\/\/api.w.org\/{rel}","templated":true}]}}