{"id":2994,"date":"2025-11-28T20:36:09","date_gmt":"2025-11-28T23:36:09","guid":{"rendered":"https:\/\/cristalvoxnews.com.br\/?p=2994"},"modified":"2025-11-29T16:39:23","modified_gmt":"2025-11-29T19:39:23","slug":"aneel-anuncia-bandeira-amarela-para-contas-de-luz-de-dezembro","status":"publish","type":"post","link":"https:\/\/cristalvoxnews.com.br\/?p=2994","title":{"rendered":"Aneel anuncia bandeira amarela para contas de luz de dezembro"},"content":{"rendered":"\n<p><strong>In\u00edcio do per\u00edodo de chuvas no Brasil aponta para condi\u00e7\u00f5es de gera\u00e7\u00e3o de energia &#8220;um pouco&#8221; mais favor\u00e1veis do que o visto em novembro<\/strong><\/p>\n\n\n\n<p>A<strong>\u00a0Aneel (Ag\u00eancia Nacional de Energia El\u00e9trica)<\/strong>\u00a0anunciou nesta sexta-feira (28) que as contas de luz ter\u00e3o aplica\u00e7\u00e3o da\u00a0<strong>bandeira tarif\u00e1ria amarela em dezembro,<\/strong>\u00a0com menor cobran\u00e7a em rela\u00e7\u00e3o \u00e0 bandeira vermelha patamar 1 do m\u00eas anterior.<\/p>\n\n\n\n<p>O patamar anunciado para o m\u00eas implica em cobran\u00e7a de\u00a0<strong>R$ 1,885 KW\/h a cada 100 KW\/h.<\/strong>\u00a0Em novembro, com a faixa superior, o pagamento era de R$ 4,46 a cada 100 KW\/h.<\/p>\n\n\n\n<p>O in\u00edcio do per\u00edodo de chuvas no Brasil aponta para\u00a0<a href=\"https:\/\/www.cnnbrasil.com.br\/economia\/macroeconomia\/silveira-espera-r-25-bilhoes-com-leiloes-de-transmissao-em-2026\/\">condi\u00e7\u00f5es de gera\u00e7\u00e3o de energia &#8220;um pouco mais favor\u00e1veis&#8221;<\/a>\u00a0do que o visto at\u00e9 o momento, com expectativas de precipita\u00e7\u00f5es maiores para dezembro do que no m\u00eas anterior, apesar de estarem abaixo da m\u00e9dia hist\u00f3rica para o per\u00edodo.<\/p>\n\n\n\n<p>Com isso, a ag\u00eancia indica que acionamento das termel\u00e9tricas, que gera custos maiores, continua sendo essencial e pondera que a gera\u00e7\u00e3o solar &#8220;\u00e9 intermitente e n\u00e3o fornece energia de forma cont\u00ednua&#8221;.<\/p>\n\n\n\n<p>As bandeiras tarif\u00e1rias foram criadas em 2015 pela Aneel para informar aos brasileiros os custos vari\u00e1veis da gera\u00e7\u00e3o de energia no pa\u00eds.<\/p>\n\n\n\n<p>O sistema implica na aplica\u00e7\u00e3o de determinado patamar de cobran\u00e7a conforme custos, disponibilidade de recursos h\u00eddricos e o acionamento de usinas termel\u00e9tricas, que possuem produ\u00e7\u00e3o mais cara.<\/p>\n\n\n\n<p>Atrav\u00e9s do sistema,<a href=\"https:\/\/www.cnnbrasil.com.br\/economia\/macroeconomia\/consumidores-residenciais-poderao-escolher-fornecedor-de-energia-ate-2028\/\">\u00a0consumidores s\u00e3o informados anteriormente sobre a bandeira<\/a>\u00a0e podem prever ou ajustar o consumo para diminuir o pre\u00e7o de sua conta de luz.  Fonte: <a href=\"https:\/\/www.cnnbrasil.com.br\/autor\/andre-vasconcelos\/\">Andr\u00e9 Vasconcelos<\/a>,  CNN Brasil<\/p>\n\n\n\n<p><\/p>\n","protected":false},"excerpt":{"rendered":"<p>In\u00edcio do per\u00edodo de chuvas no Brasil aponta para condi\u00e7\u00f5es de gera\u00e7\u00e3o de energia &#8220;um pouco&#8221; mais favor\u00e1veis do que o visto em novembro A\u00a0Aneel (Ag\u00eancia Nacional de Energia El\u00e9trica)\u00a0anunciou nesta sexta-feira (28) que as contas de luz ter\u00e3o aplica\u00e7\u00e3o da\u00a0bandeira tarif\u00e1ria amarela em dezembro,\u00a0com menor cobran\u00e7a em rela\u00e7\u00e3o \u00e0 [&hellip;]<\/p>\n","protected":false},"author":1,"featured_media":2995,"comment_status":"open","ping_status":"open","sticky":false,"template":"","format":"standard","meta":{"footnotes":""},"categories":[259],"tags":[558,559,560,557],"class_list":{"0":"post-2994","1":"post","2":"type-post","3":"status-publish","4":"format-standard","5":"has-post-thumbnail","7":"category-economia","8":"tag-aneel","9":"tag-bandeira-amarela","10":"tag-chuvas-no-brasil","11":"tag-energia"},"_links":{"self":[{"href":"https:\/\/cristalvoxnews.com.br\/index.php?rest_route=\/wp\/v2\/posts\/2994","targetHints":{"allow":["GET"]}}],"collection":[{"href":"https:\/\/cristalvoxnews.com.br\/index.php?rest_route=\/wp\/v2\/posts"}],"about":[{"href":"https:\/\/cristalvoxnews.com.br\/index.php?rest_route=\/wp\/v2\/types\/post"}],"author":[{"embeddable":true,"href":"https:\/\/cristalvoxnews.com.br\/index.php?rest_route=\/wp\/v2\/users\/1"}],"replies":[{"embeddable":true,"href":"https:\/\/cristalvoxnews.com.br\/index.php?rest_route=%2Fwp%2Fv2%2Fcomments&post=2994"}],"version-history":[{"count":2,"href":"https:\/\/cristalvoxnews.com.br\/index.php?rest_route=\/wp\/v2\/posts\/2994\/revisions"}],"predecessor-version":[{"id":2998,"href":"https:\/\/cristalvoxnews.com.br\/index.php?rest_route=\/wp\/v2\/posts\/2994\/revisions\/2998"}],"wp:featuredmedia":[{"embeddable":true,"href":"https:\/\/cristalvoxnews.com.br\/index.php?rest_route=\/wp\/v2\/media\/2995"}],"wp:attachment":[{"href":"https:\/\/cristalvoxnews.com.br\/index.php?rest_route=%2Fwp%2Fv2%2Fmedia&parent=2994"}],"wp:term":[{"taxonomy":"category","embeddable":true,"href":"https:\/\/cristalvoxnews.com.br\/index.php?rest_route=%2Fwp%2Fv2%2Fcategories&post=2994"},{"taxonomy":"post_tag","embeddable":true,"href":"https:\/\/cristalvoxnews.com.br\/index.php?rest_route=%2Fwp%2Fv2%2Ftags&post=2994"}],"curies":[{"name":"wp","href":"https:\/\/api.w.org\/{rel}","templated":true}]}}