{"id":2979,"date":"2025-11-27T18:29:24","date_gmt":"2025-11-27T21:29:24","guid":{"rendered":"https:\/\/cristalvoxnews.com.br\/?p=2979"},"modified":"2025-11-28T20:56:03","modified_gmt":"2025-11-28T23:56:03","slug":"pl-corta-salario-de-bolsonaro","status":"publish","type":"post","link":"https:\/\/cristalvoxnews.com.br\/?p=2979","title":{"rendered":"PL &#8220;corta&#8221; sal\u00e1rio de Bolsonaro"},"content":{"rendered":"\n<p>O&nbsp;<a href=\"https:\/\/www.metropoles.com\/colunas\/tacio-lorran\/preso-bolsonaro-acumula-aposentadorias-e-salario-veja-quanto-por-mes\" target=\"_blank\" rel=\"noreferrer noopener\">Partido Liberal (PL)<\/a>&nbsp;anunciou, na tarde desta quinta-feira (27\/11), a suspens\u00e3o do sal\u00e1rio e das atividades partid\u00e1rias do ex-presidente Jair Bolsonaro (PL) na sigla. A decis\u00e3o se d\u00e1 pela suspens\u00e3o dos direitos pol\u00edticos de Bolsonaro ap\u00f3s condena\u00e7\u00e3o pelo&nbsp;<a href=\"https:\/\/portal.stf.jus.br\/\" target=\"_blank\" rel=\"noreferrer noopener\">Supremo Tribunal Federal (STF)<\/a>&nbsp;por tentativa de Golpe.<\/p>\n\n\n\n<p>Na \u00faltima ter\u00e7a-feira (25\/11), foi publicado o tr\u00e2nsito em julgado da a\u00e7\u00e3o penal 2668 e Bolsonaro come\u00e7ou a cumprir sua pena de 27 anos. O ex-presidente est\u00e1 na Superintend\u00eancia Regional da Pol\u00edcia Federal (PF), no Distrito Federal.<\/p>\n\n\n\n<p>Na \u00faltima ter\u00e7a-feira (25\/11), foi publicado o tr\u00e2nsito em julgado da a\u00e7\u00e3o penal 2668 e Bolsonaro come\u00e7ou a cumprir sua pena de 27 anos. O ex-presidente est\u00e1 na Superintend\u00eancia Regional da Pol\u00edcia Federal (PF), no Distrito Federal.<\/p>\n\n\n\n<p>\u201cInfelizmente, por decorr\u00eancia da lei (Lei 9096\/95 \u2013 REspEl n\u00b0 060026764; AGR-RO 060023248) e em raz\u00e3o da suspens\u00e3o dos direitos pol\u00edticos do nosso Presidente de Honra, Jair Bolsonaro, as respectivas atividades partid\u00e1rias de nosso l\u00edder estar\u00e3o igualmente suspensas, inclusive a sua remunera\u00e7\u00e3o, enquanto perdurarem os efeitos do ac\u00f3rd\u00e3o condenat\u00f3rio na AP 2668 \u201c, diz nota do PL.<\/p>\n\n\n\n<p>Bolsonaro recebia do PL um sal\u00e1rio de R$ 33.873,67. Ele ocupava o cargo de presidente de honra da legenda.  Fonte: site Metr\u00f3poles<\/p>\n\n\n\n<p><\/p>\n","protected":false},"excerpt":{"rendered":"<p>O&nbsp;Partido Liberal (PL)&nbsp;anunciou, na tarde desta quinta-feira (27\/11), a suspens\u00e3o do sal\u00e1rio e das atividades partid\u00e1rias do ex-presidente Jair Bolsonaro (PL) na sigla. A decis\u00e3o se d\u00e1 pela suspens\u00e3o dos direitos pol\u00edticos de Bolsonaro ap\u00f3s condena\u00e7\u00e3o pelo&nbsp;Supremo Tribunal Federal (STF)&nbsp;por tentativa de Golpe. Na \u00faltima ter\u00e7a-feira (25\/11), foi publicado o [&hellip;]<\/p>\n","protected":false},"author":1,"featured_media":2834,"comment_status":"open","ping_status":"open","sticky":false,"template":"","format":"standard","meta":{"footnotes":""},"categories":[256],"tags":[318,538,379,380],"class_list":{"0":"post-2979","1":"post","2":"type-post","3":"status-publish","4":"format-standard","5":"has-post-thumbnail","7":"category-politica","8":"tag-bolsonaro","9":"tag-corte-de-salarios","10":"tag-pl","11":"tag-valdemar-da-costa-neto"},"_links":{"self":[{"href":"https:\/\/cristalvoxnews.com.br\/index.php?rest_route=\/wp\/v2\/posts\/2979","targetHints":{"allow":["GET"]}}],"collection":[{"href":"https:\/\/cristalvoxnews.com.br\/index.php?rest_route=\/wp\/v2\/posts"}],"about":[{"href":"https:\/\/cristalvoxnews.com.br\/index.php?rest_route=\/wp\/v2\/types\/post"}],"author":[{"embeddable":true,"href":"https:\/\/cristalvoxnews.com.br\/index.php?rest_route=\/wp\/v2\/users\/1"}],"replies":[{"embeddable":true,"href":"https:\/\/cristalvoxnews.com.br\/index.php?rest_route=%2Fwp%2Fv2%2Fcomments&post=2979"}],"version-history":[{"count":1,"href":"https:\/\/cristalvoxnews.com.br\/index.php?rest_route=\/wp\/v2\/posts\/2979\/revisions"}],"predecessor-version":[{"id":2980,"href":"https:\/\/cristalvoxnews.com.br\/index.php?rest_route=\/wp\/v2\/posts\/2979\/revisions\/2980"}],"wp:featuredmedia":[{"embeddable":true,"href":"https:\/\/cristalvoxnews.com.br\/index.php?rest_route=\/wp\/v2\/media\/2834"}],"wp:attachment":[{"href":"https:\/\/cristalvoxnews.com.br\/index.php?rest_route=%2Fwp%2Fv2%2Fmedia&parent=2979"}],"wp:term":[{"taxonomy":"category","embeddable":true,"href":"https:\/\/cristalvoxnews.com.br\/index.php?rest_route=%2Fwp%2Fv2%2Fcategories&post=2979"},{"taxonomy":"post_tag","embeddable":true,"href":"https:\/\/cristalvoxnews.com.br\/index.php?rest_route=%2Fwp%2Fv2%2Ftags&post=2979"}],"curies":[{"name":"wp","href":"https:\/\/api.w.org\/{rel}","templated":true}]}}