{"id":2974,"date":"2025-11-27T18:20:24","date_gmt":"2025-11-27T21:20:24","guid":{"rendered":"https:\/\/cristalvoxnews.com.br\/?p=2974"},"modified":"2025-11-28T20:56:04","modified_gmt":"2025-11-28T23:56:04","slug":"eduardo-bolsonaro-anuncia-irmao-flavio-candidato-a-presidencia-em-2026","status":"publish","type":"post","link":"https:\/\/cristalvoxnews.com.br\/?p=2974","title":{"rendered":"Eduardo Bolsonaro anuncia irm\u00e3o Fl\u00e1vio candidato \u00e0 Presid\u00eancia em 2026"},"content":{"rendered":"\n<p>Durante uma live em entrevista ao ve\u00edculo \u201dPoder 360\u201d, nesta quarta-feira (26), o deputado federal\u00a0<strong>Eduardo Bolsonaro (PL-SP)<\/strong>\u00a0posicionou seu irm\u00e3o, o senador\u00a0<strong>Fl\u00e1vio Bolsonaro (PL-RJ)<\/strong>, como o nome mais qualificado para uma candidatura presidencial em 2026.<\/p>\n\n\n\n<p>Na entrevista, o parlamentar sinalizou o irm\u00e3o como um poss\u00edvel nome a ser considerado na direita para concorrer ao cargo de Chefe do Executivo Federal.<\/p>\n\n\n\n<p>+&nbsp;<a href=\"https:\/\/www.areavip.com.br\/noticias\/politica\/jair-bolsonaro-estaria-com-quadro-complicado-de-saude-afirma-flavio-inspira-cuidados\/\">Jair Bolsonaro estaria com quadro complicado de sa\u00fade, afirma Fl\u00e1vio: \u2018inspira cuidados\u2019<\/a><\/p>\n\n\n\n<p><em>\u201dFaremos o nosso dever c\u00edvico com responsabilidade. At\u00e9 para n\u00e3o gerar falsas expecxtativas, o que culminaria numa perda de tempo\u201d<\/em>, disse Eduardo. Ao ser questionado sobre um bom nome para concorrer, o deputado foi enf\u00e1tico:&nbsp;<em>\u201dFl\u00e1vio Bolsonaro\u201d.<\/em>&nbsp;E ainda afirmou n\u00e3o existir nenhum outro nome \u00e0 altura.<\/p>\n\n\n\n<h2 class=\"wp-block-heading\">Eduardo Bolsonaro rebate acusa\u00e7\u00f5es de fragmentar a base aliada<\/h2>\n\n\n\n<p>Ao comparar os potenciais candidatos da fam\u00edlia, Eduardo foi direto: \u201c<em>N\u00e3o desmerecendo nem um pouco a Michelle, mas o Fl\u00e1vio estaria em uma posi\u00e7\u00e3o muito mais preparada para assumir essa dif\u00edcil miss\u00e3o, esse desafio, do que ela nesse momento\u201d.<\/em><\/p>\n\n\n\n<p>Justificou sua prefer\u00eancia destacando o perfil do irm\u00e3o: \u201cFl\u00e1vio j\u00e1 \u00e9 uma pessoa conhecida, \u00e9 um perfil mais articulador, que lida bem com v\u00e1rias pessoas do centro, ent\u00e3o ele tem tr\u00e2nsito. \u00c9 uma pessoa mais afeita at\u00e9 \u00e0 quest\u00e3o do di\u00e1logo mesmo, ent\u00e3o eu acho que ele tem uma capacidade j\u00e1 demonstrada, j\u00e1 testada\u201d, afirmou.<\/p>\n\n\n\n<p>Al\u00e9m de Michelle, outros governadores cotados para assumir a lideran\u00e7a como nome de direita para a presid\u00eancia s\u00e3o: Tarc\u00edsio, Ronaldo Caiado (GO), Ratinho J\u00fanior (PR) e Romeu Zema (MG).<\/p>\n\n\n\n<p>Questionado sobre as cr\u00edticas de que suas declara\u00e7\u00f5es p\u00fablicas estariam causando rachas na coaliz\u00e3o, o parlamentar foi enf\u00e1tico em sua resposta, deixando claro que n\u00e3o poupar\u00e1 palavras.\u00a0<em>\u201cEstou me lixando se v\u00e3o falar que estou dividindo a direita. Eu vou falar a verdade. \u00c9 assim que aprendi com meu pai [sobre] angariar um movimento pol\u00edtico\u201d,<\/em>\u00a0afirmou.                                                                                               Fonte: site \u00c1reaVIP &#8211; <a href=\"https:\/\/www.areavip.com.br\/noticias\/eduardo-bolsonaro-anuncia-irmao-flavio-candidato-a-presidencia-em-2026\/\">Eduardo Bolsonaro anuncia irm\u00e3o Fl\u00e1vio candidato \u00e0 Presid\u00eancia em 2026 &#8211; Portal \u00c1rea VIP<\/a><\/p>\n\n\n\n<p><\/p>\n","protected":false},"excerpt":{"rendered":"<p>Durante uma live em entrevista ao ve\u00edculo \u201dPoder 360\u201d, nesta quarta-feira (26), o deputado federal\u00a0Eduardo Bolsonaro (PL-SP)\u00a0posicionou seu irm\u00e3o, o senador\u00a0Fl\u00e1vio Bolsonaro (PL-RJ), como o nome mais qualificado para uma candidatura presidencial em 2026. Na entrevista, o parlamentar sinalizou o irm\u00e3o como um poss\u00edvel nome a ser considerado na direita [&hellip;]<\/p>\n","protected":false},"author":1,"featured_media":2975,"comment_status":"open","ping_status":"open","sticky":false,"template":"","format":"standard","meta":{"footnotes":""},"categories":[256],"tags":[289,371,537],"class_list":{"0":"post-2974","1":"post","2":"type-post","3":"status-publish","4":"format-standard","5":"has-post-thumbnail","7":"category-politica","8":"tag-eduardo-bolsonaro","9":"tag-flavio-bolsonaro","10":"tag-presidencia"},"_links":{"self":[{"href":"https:\/\/cristalvoxnews.com.br\/index.php?rest_route=\/wp\/v2\/posts\/2974","targetHints":{"allow":["GET"]}}],"collection":[{"href":"https:\/\/cristalvoxnews.com.br\/index.php?rest_route=\/wp\/v2\/posts"}],"about":[{"href":"https:\/\/cristalvoxnews.com.br\/index.php?rest_route=\/wp\/v2\/types\/post"}],"author":[{"embeddable":true,"href":"https:\/\/cristalvoxnews.com.br\/index.php?rest_route=\/wp\/v2\/users\/1"}],"replies":[{"embeddable":true,"href":"https:\/\/cristalvoxnews.com.br\/index.php?rest_route=%2Fwp%2Fv2%2Fcomments&post=2974"}],"version-history":[{"count":1,"href":"https:\/\/cristalvoxnews.com.br\/index.php?rest_route=\/wp\/v2\/posts\/2974\/revisions"}],"predecessor-version":[{"id":2976,"href":"https:\/\/cristalvoxnews.com.br\/index.php?rest_route=\/wp\/v2\/posts\/2974\/revisions\/2976"}],"wp:featuredmedia":[{"embeddable":true,"href":"https:\/\/cristalvoxnews.com.br\/index.php?rest_route=\/wp\/v2\/media\/2975"}],"wp:attachment":[{"href":"https:\/\/cristalvoxnews.com.br\/index.php?rest_route=%2Fwp%2Fv2%2Fmedia&parent=2974"}],"wp:term":[{"taxonomy":"category","embeddable":true,"href":"https:\/\/cristalvoxnews.com.br\/index.php?rest_route=%2Fwp%2Fv2%2Fcategories&post=2974"},{"taxonomy":"post_tag","embeddable":true,"href":"https:\/\/cristalvoxnews.com.br\/index.php?rest_route=%2Fwp%2Fv2%2Ftags&post=2974"}],"curies":[{"name":"wp","href":"https:\/\/api.w.org\/{rel}","templated":true}]}}