{"id":2968,"date":"2025-11-27T18:05:21","date_gmt":"2025-11-27T21:05:21","guid":{"rendered":"https:\/\/cristalvoxnews.com.br\/?p=2968"},"modified":"2025-11-28T20:56:10","modified_gmt":"2025-11-28T23:56:10","slug":"licenciamento-ambiental-congresso-derruba-vetos-de-lula","status":"publish","type":"post","link":"https:\/\/cristalvoxnews.com.br\/?p=2968","title":{"rendered":"Licenciamento ambiental &#8211; Congresso derruba vetos de Lula"},"content":{"rendered":"\n<p>O\u00a0<a href=\"https:\/\/www.congressonacional.leg.br\/home\">Congresso Nacional<\/a>\u00a0derrubou, nesta quinta-feira (27\/11), vetos do presidente\u00a0<a href=\"https:\/\/www.metropoles.com\/tag\/lula\">Luiz In\u00e1cio Lula da Silva<\/a>\u00a0(PT) no Licenciamento Ambiental. Al\u00e9m disso, deputados e senadores decidiram retomar trechos do Programa de Pleno Pagamento de D\u00edvidas dos Estados (Propag) que haviam sido vetados pelo Pal\u00e1cio do Planalto.<\/p>\n\n\n\n<p>A an\u00e1lise dos vetos ocorre em meio \u00e0 piora na rela\u00e7\u00e3o entre o Executivo e o Legislativo. O presidente do Congresso, senador&nbsp;<a href=\"https:\/\/www.metropoles.com\/tag\/davi-alcolumbre\">Davi Alcolumbre<\/a>&nbsp;(Uni\u00e3o Brasil-AP), convocou a sess\u00e3o na ter\u00e7a-feira (25\/11), em meio ao p\u00e9 de guerra com Lula, ao ser contrariado na indica\u00e7\u00e3o ao Supremo Tribunal Federal. O petista decidiu indicar o advogado-geral da Uni\u00e3o, Jorge Messias, contrariando o senador, que queria emplacar seu antecessor, Rodrigo Pacheco (PSD-MG).<\/p>\n\n\n\n<p>Al\u00e9m de Alcolumbre, o presidente da C\u00e2mara,\u00a0<a href=\"https:\/\/www.metropoles.com\/tag\/hugo-motta\">Hugo Motta<\/a>\u00a0(Republicanos-PB), tamb\u00e9m n\u00e3o est\u00e1 em bons termos com o Planalto. O deputado rompeu com o l\u00edder do PT na Casa, Lindbergh Farias (RJ), ap\u00f3s sucessivos desgastes em pautas sens\u00edveis ao Centr\u00e3o.  Conteudo: Metr\u00f3poles<\/p>\n\n\n\n<p><\/p>\n","protected":false},"excerpt":{"rendered":"<p>O\u00a0Congresso Nacional\u00a0derrubou, nesta quinta-feira (27\/11), vetos do presidente\u00a0Luiz In\u00e1cio Lula da Silva\u00a0(PT) no Licenciamento Ambiental. Al\u00e9m disso, deputados e senadores decidiram retomar trechos do Programa de Pleno Pagamento de D\u00edvidas dos Estados (Propag) que haviam sido vetados pelo Pal\u00e1cio do Planalto. A an\u00e1lise dos vetos ocorre em meio \u00e0 piora [&hellip;]<\/p>\n","protected":false},"author":1,"featured_media":2969,"comment_status":"open","ping_status":"open","sticky":false,"template":"","format":"standard","meta":{"footnotes":""},"categories":[256],"tags":[533,532,534],"class_list":{"0":"post-2968","1":"post","2":"type-post","3":"status-publish","4":"format-standard","5":"has-post-thumbnail","7":"category-politica","8":"tag-congresso","9":"tag-licenciamento-ambiental-lula","10":"tag-vetos"},"_links":{"self":[{"href":"https:\/\/cristalvoxnews.com.br\/index.php?rest_route=\/wp\/v2\/posts\/2968","targetHints":{"allow":["GET"]}}],"collection":[{"href":"https:\/\/cristalvoxnews.com.br\/index.php?rest_route=\/wp\/v2\/posts"}],"about":[{"href":"https:\/\/cristalvoxnews.com.br\/index.php?rest_route=\/wp\/v2\/types\/post"}],"author":[{"embeddable":true,"href":"https:\/\/cristalvoxnews.com.br\/index.php?rest_route=\/wp\/v2\/users\/1"}],"replies":[{"embeddable":true,"href":"https:\/\/cristalvoxnews.com.br\/index.php?rest_route=%2Fwp%2Fv2%2Fcomments&post=2968"}],"version-history":[{"count":1,"href":"https:\/\/cristalvoxnews.com.br\/index.php?rest_route=\/wp\/v2\/posts\/2968\/revisions"}],"predecessor-version":[{"id":2970,"href":"https:\/\/cristalvoxnews.com.br\/index.php?rest_route=\/wp\/v2\/posts\/2968\/revisions\/2970"}],"wp:featuredmedia":[{"embeddable":true,"href":"https:\/\/cristalvoxnews.com.br\/index.php?rest_route=\/wp\/v2\/media\/2969"}],"wp:attachment":[{"href":"https:\/\/cristalvoxnews.com.br\/index.php?rest_route=%2Fwp%2Fv2%2Fmedia&parent=2968"}],"wp:term":[{"taxonomy":"category","embeddable":true,"href":"https:\/\/cristalvoxnews.com.br\/index.php?rest_route=%2Fwp%2Fv2%2Fcategories&post=2968"},{"taxonomy":"post_tag","embeddable":true,"href":"https:\/\/cristalvoxnews.com.br\/index.php?rest_route=%2Fwp%2Fv2%2Ftags&post=2968"}],"curies":[{"name":"wp","href":"https:\/\/api.w.org\/{rel}","templated":true}]}}