{"id":2931,"date":"2025-11-26T18:08:52","date_gmt":"2025-11-26T21:08:52","guid":{"rendered":"https:\/\/cristalvoxnews.com.br\/?p=2931"},"modified":"2025-11-27T16:41:19","modified_gmt":"2025-11-27T19:41:19","slug":"apos-ausencia-em-evento-com-lula-alcolumbre-celebra-isencao-do-ir","status":"publish","type":"post","link":"https:\/\/cristalvoxnews.com.br\/?p=2931","title":{"rendered":"Ap\u00f3s aus\u00eancia em evento com Lula, Alcolumbre celebra isen\u00e7\u00e3o do IR"},"content":{"rendered":"\n<p><strong>Em nota, presidente do Senado afirma que proposta traz justi\u00e7a tribut\u00e1ria; senador faltou \u00e0 cerim\u00f4nia no Planalto para san\u00e7\u00e3o de nova lei<\/strong><\/p>\n\n\n\n<p>Depois de faltar ao evento de assinatura da nova lei sobre a isen\u00e7\u00e3o do&nbsp;<strong>IR (Imposto de Renda)<\/strong>, o presidente do Senado, Davi Alcolumbre (Uni\u00e3o-AP), comemorou a san\u00e7\u00e3o da proposta. A legisla\u00e7\u00e3o promove, segundo ele, justi\u00e7a tribut\u00e1ria ao isentar quem ganha at\u00e9 R$ 5.000 por m\u00eas.<\/p>\n\n\n\n<p>O governo promoveu nesta manh\u00e3 evento para a san\u00e7\u00e3o do texto no Pal\u00e1cio do Planalto. Al\u00e9m de Alcolumbre, o presidente da C\u00e2mara,&nbsp;<a href=\"https:\/\/www.cnnbrasil.com.br\/politica\/alcolumbre-e-hugo-decidem-nao-ir-a-evento-de-sancao-de-isencao-do-ir\/\" target=\"_blank\" rel=\"noreferrer noopener\">Hugo Motta<\/a>&nbsp;(Republicanos-PB), tamb\u00e9m n\u00e3o compareceu.<\/p>\n\n\n\n<p>A aus\u00eancia foi avaliada como um recado ao governo sobre a m\u00e1 rela\u00e7\u00e3o com o&nbsp;Congresso Nacional&nbsp;neste momento. Os l\u00edderes do Legislativo faltaram e foram representados pelos relatores do projeto em cada Casa, o deputado Arthur Lira (PP-AL) e o senador Renan Calheiros (MDB-AL).<\/p>\n\n\n\n<p>Apesar das aus\u00eancias, Alcolumbre e Motta fizeram declara\u00e7\u00f5es por escrito sobre a nova lei, vista como um tema importante para as elei\u00e7\u00f5es do pr\u00f3ximo ano.<\/p>\n\n\n\n<p>&#8220;Hoje celebramos a san\u00e7\u00e3o do PL da Isen\u00e7\u00e3o do&nbsp;<a href=\"https:\/\/www.cnnbrasil.com.br\/economia\/macroeconomia\/veja-como-ficara-a-tabela-de-isencao-e-desconto-do-ir\/\" target=\"_blank\" rel=\"noreferrer noopener\">Imposto de Renda<\/a>, uma conquista hist\u00f3rica que nasce do di\u00e1logo maduro e do compromisso do Congresso Nacional com um pa\u00eds mais justo&#8221;, disse em nota oficial.<\/p>\n\n\n\n<p>&#8220;Estamos celebrando mais do que uma lei. Celebramos um pacto: o de construir um futuro em que cada brasileira e cada brasileiro tenha mais dignidade, mais oportunidade e mais esperan\u00e7a. O Brasil quer e pode ser um pa\u00eds mais justo. E estamos trabalhando para isso&#8221;, disse Alcolumbre na nota.<\/p>\n\n\n\n<p>Em publica\u00e7\u00e3o nas redes sociais, Hugo Motta afirmou que a isen\u00e7\u00e3o para&nbsp;<a href=\"https:\/\/www.cnnbrasil.com.br\/economia\/financas\/quem-vai-pagar-mais-e-quem-vai-pagar-menos-com-a-isencao-do-ir\/\" target=\"_blank\" rel=\"noreferrer noopener\">quem ganha at\u00e9 R$ 5 mil<\/a>&nbsp;por m\u00eas \u00e9 uma &#8220;vit\u00f3ria hist\u00f3rica&#8221; para a popula\u00e7\u00e3o.<\/p>\n\n\n\n<p>&#8220;Este \u00e9 o resultado da uni\u00e3o dos Poderes em favor do Brasil. Com respeito \u00e0s atribui\u00e7\u00f5es legislativas, di\u00e1logo e equil\u00edbrio, o pa\u00eds avan\u00e7a&#8221;, disse o presidente da C\u00e2mara no X (antigo Twitter).                     Fonte:  <a href=\"https:\/\/www.cnnbrasil.com.br\/autor\/emilly-behnke\/\">Emilly Behnke<\/a>, da CNN Brasil<\/p>\n\n\n\n<p><\/p>\n","protected":false},"excerpt":{"rendered":"<p>Em nota, presidente do Senado afirma que proposta traz justi\u00e7a tribut\u00e1ria; senador faltou \u00e0 cerim\u00f4nia no Planalto para san\u00e7\u00e3o de nova lei Depois de faltar ao evento de assinatura da nova lei sobre a isen\u00e7\u00e3o do&nbsp;IR (Imposto de Renda), o presidente do Senado, Davi Alcolumbre (Uni\u00e3o-AP), comemorou a san\u00e7\u00e3o da [&hellip;]<\/p>\n","protected":false},"author":1,"featured_media":2932,"comment_status":"open","ping_status":"open","sticky":false,"template":"","format":"standard","meta":{"footnotes":""},"categories":[256],"tags":[],"class_list":{"0":"post-2931","1":"post","2":"type-post","3":"status-publish","4":"format-standard","5":"has-post-thumbnail","7":"category-politica"},"_links":{"self":[{"href":"https:\/\/cristalvoxnews.com.br\/index.php?rest_route=\/wp\/v2\/posts\/2931","targetHints":{"allow":["GET"]}}],"collection":[{"href":"https:\/\/cristalvoxnews.com.br\/index.php?rest_route=\/wp\/v2\/posts"}],"about":[{"href":"https:\/\/cristalvoxnews.com.br\/index.php?rest_route=\/wp\/v2\/types\/post"}],"author":[{"embeddable":true,"href":"https:\/\/cristalvoxnews.com.br\/index.php?rest_route=\/wp\/v2\/users\/1"}],"replies":[{"embeddable":true,"href":"https:\/\/cristalvoxnews.com.br\/index.php?rest_route=%2Fwp%2Fv2%2Fcomments&post=2931"}],"version-history":[{"count":1,"href":"https:\/\/cristalvoxnews.com.br\/index.php?rest_route=\/wp\/v2\/posts\/2931\/revisions"}],"predecessor-version":[{"id":2933,"href":"https:\/\/cristalvoxnews.com.br\/index.php?rest_route=\/wp\/v2\/posts\/2931\/revisions\/2933"}],"wp:featuredmedia":[{"embeddable":true,"href":"https:\/\/cristalvoxnews.com.br\/index.php?rest_route=\/wp\/v2\/media\/2932"}],"wp:attachment":[{"href":"https:\/\/cristalvoxnews.com.br\/index.php?rest_route=%2Fwp%2Fv2%2Fmedia&parent=2931"}],"wp:term":[{"taxonomy":"category","embeddable":true,"href":"https:\/\/cristalvoxnews.com.br\/index.php?rest_route=%2Fwp%2Fv2%2Fcategories&post=2931"},{"taxonomy":"post_tag","embeddable":true,"href":"https:\/\/cristalvoxnews.com.br\/index.php?rest_route=%2Fwp%2Fv2%2Ftags&post=2931"}],"curies":[{"name":"wp","href":"https:\/\/api.w.org\/{rel}","templated":true}]}}