{"id":2928,"date":"2025-11-26T18:02:43","date_gmt":"2025-11-26T21:02:43","guid":{"rendered":"https:\/\/cristalvoxnews.com.br\/?p=2928"},"modified":"2025-11-27T17:44:19","modified_gmt":"2025-11-27T20:44:19","slug":"patetico-diz-nikolas-apos-moraes-pedir-explicacao-sobre-uso-de-celular","status":"publish","type":"post","link":"https:\/\/cristalvoxnews.com.br\/?p=2928","title":{"rendered":"&#8220;Pat\u00e9tico&#8221;, diz Nikolas ap\u00f3s Moraes pedir explica\u00e7\u00e3o sobre uso de celular"},"content":{"rendered":"\n<p><strong>Ministro do STF deu 24 horas para a defesa de Jair Bolsonaro explicar uso irregular do aparelho celular durante a visita do deputado ao ex-presidente enquanto ele cumpria pris\u00e3o domiciliar<\/strong><\/p>\n\n\n\n<p>O deputado federal Nikolas Ferreira (PL-MG) se pronunciou ap\u00f3s o ministro Alexandre de Moraes, do STF (Supremo Tribunal Federal),\u00a0<a href=\"https:\/\/www.cnnbrasil.com.br\/politica\/moraes-manda-defesa-de-bolsonaro-explicar-celular-em-visita-de-nikolas\/\">pedir explica\u00e7\u00f5es \u00e0 defesa do ex-presidente Jair Bolsonaro (PL),<\/a>\u00a0sobre o parlamentar ter utilizado o celular quando foi visitar o ex-chefe do Executivo.<\/p>\n\n\n\n<p>Nikolas visitou o ex-presidente no dia 21 de novembro, quando Bolsonaro ainda cumpria pris\u00e3o domiciliar. Na ocasi\u00e3o, segundo Moraes, o deputado utilizou o aparelho durante a visita &#8220;apesar da expressa proibi\u00e7\u00e3o judicial&#8221;.<\/p>\n\n\n\n<p>&#8220;Em decis\u00e3o de 11\/11\/2025, autorizei a visita do Deputado Federal Nikolas Ferreira ao r\u00e9u Jair Messias Bolsonaro, \u00e0 \u00e9poca em cumprimento de pris\u00e3o domiciliar, no dia 21\/11\/2025, ressaltando que, todas as visitas devem observar as determina\u00e7\u00f5es legais e judiciais anteriormente fixadas&#8221;, disse o ministro na decis\u00e3o.<\/p>\n\n\n\n<p>Por meio do X, Nikolas afirmou que n\u00e3o recebeu orienta\u00e7\u00e3o sobre a proibi\u00e7\u00e3o do aparelho.<\/p>\n\n\n\n<p>&#8220;Meu celular estava comigo para uso pessoal e n\u00e3o foi usado para comunica\u00e7\u00e3o externa. N\u00e3o recebi orienta\u00e7\u00e3o sobre proibi\u00e7\u00e3o do aparelho. As proibi\u00e7\u00f5es dizem muito sobre o estado do pa\u00eds&#8221;, escreveu o deputado.<\/p>\n\n\n\n<p>Ele ainda ironizou: &#8220;Criminosos usam celular na cadeia para comandar fac\u00e7\u00f5es inteiras e ningu\u00e9m da Suprema Corte d\u00e1 24h pra explicar nada. Mas celular de visita agora vira caso de &#8220;gravidade institucional&#8221;. N\u00e3o \u00e9 justi\u00e7a, \u00e9 teatro pra intimidar. Pat\u00e9tico&#8221;.<\/p>\n\n\n\n<p>No despacho, o ministro citou uma reportagem da TV Globo, na qual foi noticiado que, durante a visita autorizada, Bolsonaro e o Nikolas &#8220;foram vistos conversando na \u00e1rea externa da casa, nos fundos da casa, enquanto o Deputado Federal usava o celular&#8221;.<\/p>\n\n\n\n<p>Moraes ent\u00e3o determinou que os advogados de Jair Bolsonaro expliquem, em 24 horas, o uso irregular do aparelho celular.  Fonte: <a href=\"https:\/\/www.cnnbrasil.com.br\/autor\/leticia-martins\/\">Leticia Martins<\/a>, da CNN Brasil<\/p>\n\n\n\n<p><\/p>\n","protected":false},"excerpt":{"rendered":"<p>Ministro do STF deu 24 horas para a defesa de Jair Bolsonaro explicar uso irregular do aparelho celular durante a visita do deputado ao ex-presidente enquanto ele cumpria pris\u00e3o domiciliar O deputado federal Nikolas Ferreira (PL-MG) se pronunciou ap\u00f3s o ministro Alexandre de Moraes, do STF (Supremo Tribunal Federal),\u00a0pedir explica\u00e7\u00f5es [&hellip;]<\/p>\n","protected":false},"author":1,"featured_media":2929,"comment_status":"open","ping_status":"open","sticky":false,"template":"","format":"standard","meta":{"footnotes":""},"categories":[256],"tags":[364,483,482,481],"class_list":{"0":"post-2928","1":"post","2":"type-post","3":"status-publish","4":"format-standard","5":"has-post-thumbnail","7":"category-politica","8":"tag-alexandre-de-moraes","9":"tag-nikolas-ferreira","10":"tag-psol","11":"tag-telefone"},"_links":{"self":[{"href":"https:\/\/cristalvoxnews.com.br\/index.php?rest_route=\/wp\/v2\/posts\/2928","targetHints":{"allow":["GET"]}}],"collection":[{"href":"https:\/\/cristalvoxnews.com.br\/index.php?rest_route=\/wp\/v2\/posts"}],"about":[{"href":"https:\/\/cristalvoxnews.com.br\/index.php?rest_route=\/wp\/v2\/types\/post"}],"author":[{"embeddable":true,"href":"https:\/\/cristalvoxnews.com.br\/index.php?rest_route=\/wp\/v2\/users\/1"}],"replies":[{"embeddable":true,"href":"https:\/\/cristalvoxnews.com.br\/index.php?rest_route=%2Fwp%2Fv2%2Fcomments&post=2928"}],"version-history":[{"count":1,"href":"https:\/\/cristalvoxnews.com.br\/index.php?rest_route=\/wp\/v2\/posts\/2928\/revisions"}],"predecessor-version":[{"id":2930,"href":"https:\/\/cristalvoxnews.com.br\/index.php?rest_route=\/wp\/v2\/posts\/2928\/revisions\/2930"}],"wp:featuredmedia":[{"embeddable":true,"href":"https:\/\/cristalvoxnews.com.br\/index.php?rest_route=\/wp\/v2\/media\/2929"}],"wp:attachment":[{"href":"https:\/\/cristalvoxnews.com.br\/index.php?rest_route=%2Fwp%2Fv2%2Fmedia&parent=2928"}],"wp:term":[{"taxonomy":"category","embeddable":true,"href":"https:\/\/cristalvoxnews.com.br\/index.php?rest_route=%2Fwp%2Fv2%2Fcategories&post=2928"},{"taxonomy":"post_tag","embeddable":true,"href":"https:\/\/cristalvoxnews.com.br\/index.php?rest_route=%2Fwp%2Fv2%2Ftags&post=2928"}],"curies":[{"name":"wp","href":"https:\/\/api.w.org\/{rel}","templated":true}]}}