{"id":2925,"date":"2025-11-26T17:56:33","date_gmt":"2025-11-26T20:56:33","guid":{"rendered":"https:\/\/cristalvoxnews.com.br\/?p=2925"},"modified":"2025-11-26T17:57:20","modified_gmt":"2025-11-26T20:57:20","slug":"senado-aprova-projeto-que-torna-crime-obstrucao-de-vias-com-barricadas","status":"publish","type":"post","link":"https:\/\/cristalvoxnews.com.br\/?p=2925","title":{"rendered":"Senado aprova projeto que torna crime obstru\u00e7\u00e3o de vias com barricadas"},"content":{"rendered":"\n<p><strong>O plen\u00e1rio do\u00a0Senado Federal\u00a0aprovou, nesta quarta-feira (26), o projeto que\u00a0torna crime a obstru\u00e7\u00e3o de vias por meio da instala\u00e7\u00e3o de barricadas para impedir a atua\u00e7\u00e3o de for\u00e7as de seguran\u00e7a p\u00fablica. A mat\u00e9ria retorna \u00e0\u00a0C\u00e2mara dos Deputados.<\/strong><\/p>\n\n\n\n<p>O texto do projeto de lei altera o C\u00f3digo Penal para incluir a tipifica\u00e7\u00e3o do crime, com pena prevista de 3 a 5 de reclus\u00e3o, al\u00e9m de multa. A pena \u00e9 aumentada dois ter\u00e7os se o agente exercer o comando, individual ou coletivo, de organiza\u00e7\u00e3o criminosa.<\/p>\n\n\n\n<p>O projeto, de autoria do deputado<strong>&nbsp;Sargento Portugal<\/strong>&nbsp;(Podemos-RJ) e que teve como relator o senador<strong>&nbsp;Carlos Portinho<\/strong>&nbsp;(PL-RJ), mira fac\u00e7\u00f5es, indiv\u00edduos ligados a organiza\u00e7\u00f5es paramilitares, grupos criminosos e esquadr\u00f5es.<\/p>\n\n\n\n<p>\u201cA obstru\u00e7\u00e3o de vias para garantir a execu\u00e7\u00e3o de crimes, mantendo as for\u00e7as policiais distantes, \u00e9 conduta muito grave, que deve ser punida com severidade\u201d, frisou Carlos Portinho em seu parecer.<\/p>\n\n\n\n<p>A mat\u00e9ria ganhou tra\u00e7\u00e3o diante da opera\u00e7\u00e3o em outubro deste ano. A&nbsp;<a href=\"https:\/\/www.cnnbrasil.com.br\/nacional\/sudeste\/rj\/entenda-como-operacao-contencao-se-tornou-a-mais-letal-da-historia-do-rj-2\/\" target=\"_blank\" rel=\"noreferrer noopener\">megaopera\u00e7\u00e3o contra o CV (Comando Vermelho) no Rio de Janeiro<\/a>&nbsp;que resultou em mais de 100 pessoas pressionou a Casa pela tramita\u00e7\u00e3o da proposta na C\u00e2mara. Fonte: <a href=\"https:\/\/www.cnnbrasil.com.br\/autor\/mateus-salomao\/\">Mateus Salom\u00e3o<\/a>, da CNN Brasil<\/p>\n","protected":false},"excerpt":{"rendered":"<p>O plen\u00e1rio do\u00a0Senado Federal\u00a0aprovou, nesta quarta-feira (26), o projeto que\u00a0torna crime a obstru\u00e7\u00e3o de vias por meio da instala\u00e7\u00e3o de barricadas para impedir a atua\u00e7\u00e3o de for\u00e7as de seguran\u00e7a p\u00fablica. A mat\u00e9ria retorna \u00e0\u00a0C\u00e2mara dos Deputados. O texto do projeto de lei altera o C\u00f3digo Penal para incluir a tipifica\u00e7\u00e3o [&hellip;]<\/p>\n","protected":false},"author":1,"featured_media":2926,"comment_status":"open","ping_status":"open","sticky":false,"template":"","format":"standard","meta":{"footnotes":""},"categories":[256],"tags":[478,480,273,479,477],"class_list":{"0":"post-2925","1":"post","2":"type-post","3":"status-publish","4":"format-standard","5":"has-post-thumbnail","7":"category-politica","8":"tag-barricadas-em-estradas","9":"tag-caminhoneiros","10":"tag-condenacao","11":"tag-proibicao","12":"tag-ssenado"},"_links":{"self":[{"href":"https:\/\/cristalvoxnews.com.br\/index.php?rest_route=\/wp\/v2\/posts\/2925","targetHints":{"allow":["GET"]}}],"collection":[{"href":"https:\/\/cristalvoxnews.com.br\/index.php?rest_route=\/wp\/v2\/posts"}],"about":[{"href":"https:\/\/cristalvoxnews.com.br\/index.php?rest_route=\/wp\/v2\/types\/post"}],"author":[{"embeddable":true,"href":"https:\/\/cristalvoxnews.com.br\/index.php?rest_route=\/wp\/v2\/users\/1"}],"replies":[{"embeddable":true,"href":"https:\/\/cristalvoxnews.com.br\/index.php?rest_route=%2Fwp%2Fv2%2Fcomments&post=2925"}],"version-history":[{"count":1,"href":"https:\/\/cristalvoxnews.com.br\/index.php?rest_route=\/wp\/v2\/posts\/2925\/revisions"}],"predecessor-version":[{"id":2927,"href":"https:\/\/cristalvoxnews.com.br\/index.php?rest_route=\/wp\/v2\/posts\/2925\/revisions\/2927"}],"wp:featuredmedia":[{"embeddable":true,"href":"https:\/\/cristalvoxnews.com.br\/index.php?rest_route=\/wp\/v2\/media\/2926"}],"wp:attachment":[{"href":"https:\/\/cristalvoxnews.com.br\/index.php?rest_route=%2Fwp%2Fv2%2Fmedia&parent=2925"}],"wp:term":[{"taxonomy":"category","embeddable":true,"href":"https:\/\/cristalvoxnews.com.br\/index.php?rest_route=%2Fwp%2Fv2%2Fcategories&post=2925"},{"taxonomy":"post_tag","embeddable":true,"href":"https:\/\/cristalvoxnews.com.br\/index.php?rest_route=%2Fwp%2Fv2%2Ftags&post=2925"}],"curies":[{"name":"wp","href":"https:\/\/api.w.org\/{rel}","templated":true}]}}