{"id":2922,"date":"2025-11-26T17:49:39","date_gmt":"2025-11-26T20:49:39","guid":{"rendered":"https:\/\/cristalvoxnews.com.br\/?p=2922"},"modified":"2025-11-26T17:50:21","modified_gmt":"2025-11-26T20:50:21","slug":"stf-marca-julgamento-sobre-o-marco-temporal-para-dezembro","status":"publish","type":"post","link":"https:\/\/cristalvoxnews.com.br\/?p=2922","title":{"rendered":"STF marca julgamento sobre o marco temporal para dezembro"},"content":{"rendered":"\n<p><strong>Ministros v\u00e3o analisar uma proposta elaborada pela Comiss\u00e3o Especial formada na Corte, ap\u00f3s 23 audi\u00eancias<\/strong><\/p>\n\n\n\n<p>O&nbsp;<strong>STF (Supremo Tribunal Federal)<\/strong>&nbsp;marcou nesta quarta-feira (26) o julgamento sobre os processos envolvendo o&nbsp;<strong>marco temporal de demarca\u00e7\u00e3o das terras ind\u00edgenas<\/strong>&nbsp;para os dias&nbsp;<strong>5 a 15 de dezembro<\/strong>.<\/p>\n\n\n\n<p>O julgamento vai ocorrer em plen\u00e1rio virtual e o caso foi liberado para julgamento pelo ministro decano&nbsp;<strong>Gilmar Mendes<\/strong>, relator das a\u00e7\u00f5es.<\/p>\n\n\n\n<p>Como j\u00e1 mostrou a<strong>&nbsp;CNN Brasil<\/strong>,&nbsp;<a href=\"https:\/\/www.cnnbrasil.com.br\/politica\/gilmar-promete-liberar-marco-temporal-para-julgamento-este-ano\/\">o magistrado havia declarado que pretendia liberar o caso para julgamento ainda neste ano<\/a>.<\/p>\n\n\n\n<p>O julgamento em plen\u00e1rio virtual no STF ocorre com os ministros registrando seus votos e manifesta\u00e7\u00f5es em ambiente digital, dentro de um prazo previamente definido. Inicialmente \u00e9 feita a apresenta\u00e7\u00e3o do relat\u00f3rio e voto do relator e, em seguida, os demais ministros podem votar, sem uma ordem espec\u00edfica.<\/p>\n\n\n\n<p>No julgamento, os ministros v\u00e3o analisar uma proposta elaborada pela Comiss\u00e3o Especial formada na Corte, ap\u00f3s 23 audi\u00eancias.<\/p>\n\n\n\n<p>O texto trata de um anteprojeto de lei que deve passar pelo plen\u00e1rio do Supremo e ser encaminhado ao Congresso Nacional.<\/p>\n\n\n\n<p>A tese do marco temporal, prevista na Lei n\u00ba 14.701\/2023, foi considerada inconstitucional pelo STF em setembro de 2023.<\/p>\n\n\n\n<p>Conforme a lei invalidada, os povos ind\u00edgenas s\u00f3 teriam direito \u00e0 demarca\u00e7\u00e3o de terras se estivessem ocupando esses locais ou se j\u00e1 disputavam as \u00e1reas na data de promulga\u00e7\u00e3o da Constitui\u00e7\u00e3o de 1988.<\/p>\n\n\n\n<p>No entanto, ap\u00f3s o ingresso de diversas a\u00e7\u00f5es na Corte \u2014 contra e favor\u00e1veis \u00e0 lei e \u00e0 decis\u00e3o do Supremo \u2014 foi montada uma comiss\u00e3o especial para buscar um consenso sobre o tema.                      <a href=\"https:\/\/www.cnnbrasil.com.br\/autor\/davi-vittorazzi\/\">Davi Vittorazzi<\/a>, da CNN Brasil, Bras\u00edlia<\/p>\n\n\n\n<p><\/p>\n","protected":false},"excerpt":{"rendered":"<p>Ministros v\u00e3o analisar uma proposta elaborada pela Comiss\u00e3o Especial formada na Corte, ap\u00f3s 23 audi\u00eancias O&nbsp;STF (Supremo Tribunal Federal)&nbsp;marcou nesta quarta-feira (26) o julgamento sobre os processos envolvendo o&nbsp;marco temporal de demarca\u00e7\u00e3o das terras ind\u00edgenas&nbsp;para os dias&nbsp;5 a 15 de dezembro. O julgamento vai ocorrer em plen\u00e1rio virtual e o [&hellip;]<\/p>\n","protected":false},"author":1,"featured_media":2923,"comment_status":"open","ping_status":"open","sticky":false,"template":"","format":"standard","meta":{"footnotes":""},"categories":[258],"tags":[475,282,476],"class_list":{"0":"post-2922","1":"post","2":"type-post","3":"status-publish","4":"format-standard","5":"has-post-thumbnail","7":"category-brasil","8":"tag-marco-temporal","9":"tag-stf","10":"tag-terras-indigenas"},"_links":{"self":[{"href":"https:\/\/cristalvoxnews.com.br\/index.php?rest_route=\/wp\/v2\/posts\/2922","targetHints":{"allow":["GET"]}}],"collection":[{"href":"https:\/\/cristalvoxnews.com.br\/index.php?rest_route=\/wp\/v2\/posts"}],"about":[{"href":"https:\/\/cristalvoxnews.com.br\/index.php?rest_route=\/wp\/v2\/types\/post"}],"author":[{"embeddable":true,"href":"https:\/\/cristalvoxnews.com.br\/index.php?rest_route=\/wp\/v2\/users\/1"}],"replies":[{"embeddable":true,"href":"https:\/\/cristalvoxnews.com.br\/index.php?rest_route=%2Fwp%2Fv2%2Fcomments&post=2922"}],"version-history":[{"count":1,"href":"https:\/\/cristalvoxnews.com.br\/index.php?rest_route=\/wp\/v2\/posts\/2922\/revisions"}],"predecessor-version":[{"id":2924,"href":"https:\/\/cristalvoxnews.com.br\/index.php?rest_route=\/wp\/v2\/posts\/2922\/revisions\/2924"}],"wp:featuredmedia":[{"embeddable":true,"href":"https:\/\/cristalvoxnews.com.br\/index.php?rest_route=\/wp\/v2\/media\/2923"}],"wp:attachment":[{"href":"https:\/\/cristalvoxnews.com.br\/index.php?rest_route=%2Fwp%2Fv2%2Fmedia&parent=2922"}],"wp:term":[{"taxonomy":"category","embeddable":true,"href":"https:\/\/cristalvoxnews.com.br\/index.php?rest_route=%2Fwp%2Fv2%2Fcategories&post=2922"},{"taxonomy":"post_tag","embeddable":true,"href":"https:\/\/cristalvoxnews.com.br\/index.php?rest_route=%2Fwp%2Fv2%2Ftags&post=2922"}],"curies":[{"name":"wp","href":"https:\/\/api.w.org\/{rel}","templated":true}]}}