{"id":2919,"date":"2025-11-26T17:42:56","date_gmt":"2025-11-26T20:42:56","guid":{"rendered":"https:\/\/cristalvoxnews.com.br\/?p=2919"},"modified":"2025-11-27T17:44:21","modified_gmt":"2025-11-27T20:44:21","slug":"pf-vai-fiscalizar-quentinha-de-bolsonaro-na-prisao-entenda","status":"publish","type":"post","link":"https:\/\/cristalvoxnews.com.br\/?p=2919","title":{"rendered":"PF vai fiscalizar quentinha de Bolsonaro na pris\u00e3o; entenda"},"content":{"rendered":"\n<h2 class=\"wp-block-heading\">Ministro Alexandre de Moraes autorizou &#8220;alimenta\u00e7\u00e3o especial&#8221; na Superintend\u00eancia da PF, ap\u00f3s pedido da defesa do ex-presidente<\/h2>\n\n\n\n<p><strong>A\u00a0Pol\u00edcia Federal (PF)\u00a0ir\u00e1 fiscalizar as marmitas que o ex-presidente\u00a0Jair Bolsonaro (PL)\u00a0receber na pris\u00e3o. Na decis\u00e3o em que autorizou a &#8220;alimenta\u00e7\u00e3o especial&#8221;, o ministro\u00a0Alexandre de Moraes, do STF (Supremo Tribunal Federal), afirmou que o pedido foi feito pela defesa do ex-mandat\u00e1rio.<\/strong><\/p>\n\n\n\n<p>O ministro determinou ainda que a entrega da quentinha seja realizada por uma pessoa&nbsp;<strong>previamente cadastrada<\/strong>&nbsp;pela defesa do condenado.<\/p>\n\n\n\n<p>&#8220;Em virtude do pedido de JAIR MESSIAS BOLSONARO de alimenta\u00e7\u00e3o especial, AUTORIZO sua entrega por pessoa previamente cadastrada pela defesa do custodiado e no hor\u00e1rio fixado pela Pol\u00edcia Federal, que dever\u00e1 fiscalizar e registrar o que for entregue&#8221;, escreveu Moraes.<\/p>\n\n\n\n<p><a href=\"https:\/\/www.cnnbrasil.com.br\/politica\/bolsonaro-e-preso-pela-policia-federal-em-brasilia\/\">Bolsonaro est\u00e1 preso desde o \u00faltimo s\u00e1bado (22)<\/a>, na Superintend\u00eancia da PF, em Bras\u00edlia. Na ocasi\u00e3o, o ex-presidente teve a pris\u00e3o domiciliar convertida em preventiva, ap\u00f3s ter violado a tornozeleira eletr\u00f4nica.<\/p>\n\n\n\n<p>Na ter\u00e7a-feira (25), o<a href=\"https:\/\/www.cnnbrasil.com.br\/politica\/moraes-declara-transito-em-julgado-para-bolsonaro-ramagem-e-torres\/\">\u00a0STF decretou tr\u00e2nsito em julgado na a\u00e7\u00e3o que investigou um plano de golpe de Estado<\/a>. Com isso, foi determinada execu\u00e7\u00e3o das penas dos r\u00e9us do n\u00facleo 1 da trama golpista \u2014 grupo que Jair Bolsonaro faz parte.  Fonte: <a href=\"https:\/\/www.cnnbrasil.com.br\/autor\/leticia-martins\/\">Leticia Martins<\/a>, da CNN Brasil<\/p>\n","protected":false},"excerpt":{"rendered":"<p>Ministro Alexandre de Moraes autorizou &#8220;alimenta\u00e7\u00e3o especial&#8221; na Superintend\u00eancia da PF, ap\u00f3s pedido da defesa do ex-presidente A\u00a0Pol\u00edcia Federal (PF)\u00a0ir\u00e1 fiscalizar as marmitas que o ex-presidente\u00a0Jair Bolsonaro (PL)\u00a0receber na pris\u00e3o. Na decis\u00e3o em que autorizou a &#8220;alimenta\u00e7\u00e3o especial&#8221;, o ministro\u00a0Alexandre de Moraes, do STF (Supremo Tribunal Federal), afirmou que o [&hellip;]<\/p>\n","protected":false},"author":1,"featured_media":2920,"comment_status":"open","ping_status":"open","sticky":false,"template":"","format":"standard","meta":{"footnotes":""},"categories":[258],"tags":[471,318,474,473,472],"class_list":{"0":"post-2919","1":"post","2":"type-post","3":"status-publish","4":"format-standard","5":"has-post-thumbnail","7":"category-brasil","8":"tag-bandeijao","9":"tag-bolsonaro","10":"tag-comida-envenenada","11":"tag-pf","12":"tag-refeicao"},"_links":{"self":[{"href":"https:\/\/cristalvoxnews.com.br\/index.php?rest_route=\/wp\/v2\/posts\/2919","targetHints":{"allow":["GET"]}}],"collection":[{"href":"https:\/\/cristalvoxnews.com.br\/index.php?rest_route=\/wp\/v2\/posts"}],"about":[{"href":"https:\/\/cristalvoxnews.com.br\/index.php?rest_route=\/wp\/v2\/types\/post"}],"author":[{"embeddable":true,"href":"https:\/\/cristalvoxnews.com.br\/index.php?rest_route=\/wp\/v2\/users\/1"}],"replies":[{"embeddable":true,"href":"https:\/\/cristalvoxnews.com.br\/index.php?rest_route=%2Fwp%2Fv2%2Fcomments&post=2919"}],"version-history":[{"count":1,"href":"https:\/\/cristalvoxnews.com.br\/index.php?rest_route=\/wp\/v2\/posts\/2919\/revisions"}],"predecessor-version":[{"id":2921,"href":"https:\/\/cristalvoxnews.com.br\/index.php?rest_route=\/wp\/v2\/posts\/2919\/revisions\/2921"}],"wp:featuredmedia":[{"embeddable":true,"href":"https:\/\/cristalvoxnews.com.br\/index.php?rest_route=\/wp\/v2\/media\/2920"}],"wp:attachment":[{"href":"https:\/\/cristalvoxnews.com.br\/index.php?rest_route=%2Fwp%2Fv2%2Fmedia&parent=2919"}],"wp:term":[{"taxonomy":"category","embeddable":true,"href":"https:\/\/cristalvoxnews.com.br\/index.php?rest_route=%2Fwp%2Fv2%2Fcategories&post=2919"},{"taxonomy":"post_tag","embeddable":true,"href":"https:\/\/cristalvoxnews.com.br\/index.php?rest_route=%2Fwp%2Fv2%2Ftags&post=2919"}],"curies":[{"name":"wp","href":"https:\/\/api.w.org\/{rel}","templated":true}]}}