{"id":2911,"date":"2025-11-26T17:26:49","date_gmt":"2025-11-26T20:26:49","guid":{"rendered":"https:\/\/cristalvoxnews.com.br\/?p=2911"},"modified":"2025-11-27T17:44:23","modified_gmt":"2025-11-27T20:44:23","slug":"mpf-quer-suspensao-de-licenciamento-de-projeto-de-terras-raras-em-mg","status":"publish","type":"post","link":"https:\/\/cristalvoxnews.com.br\/?p=2911","title":{"rendered":"MPF quer suspens\u00e3o de licenciamento de projeto de terras raras em MG"},"content":{"rendered":"\n<p><strong>Projeto tem atra\u00eddo grande interesse internacional e recebeu cartas de inten\u00e7\u00e3o de financiamento dos governos da Fran\u00e7a e do Canad\u00e1; a\u00e7\u00f5es de empresa dona do projeto desabam<\/strong><\/p>\n\n\n\n<p>O MPF (Minist\u00e9rio P\u00fablico Federal) enviou of\u00edcios \u00e0 Feam (Funda\u00e7\u00e3o Estadual do Meio Ambiente) e ao Copam (Conselho Estadual de Pol\u00edtica Ambiental) de Minas Gerais recomendando a&nbsp;<strong>suspens\u00e3o do processo de licenciamento ambiental do Projeto Colossus,<\/strong>&nbsp;localizado em MG e rico em terras raras.<\/p>\n\n\n\n<p>O \u00f3rg\u00e3o pediu que a vota\u00e7\u00e3o da LP (Licen\u00e7a Pr\u00e9via) do projeto,&nbsp;<a href=\"https:\/\/www.cnnbrasil.com.br\/economia\/macroeconomia\/terras-raras-por-que-sao-importantes-e-o-que-esta-em-jogo\/\">prevista para o pr\u00f3ximo dia 28, seja retirada de pauta.<\/a><\/p>\n\n\n\n<p>A LP j\u00e1 conta com parecer t\u00e9cnico favor\u00e1vel da Feam.<\/p>\n\n\n\n<p>A mineradora australiana<strong>&nbsp;Viridis Mining and Minerals,<\/strong>&nbsp;<a href=\"https:\/\/www.cnnbrasil.com.br\/economia\/macroeconomia\/mineradora-anuncia-centro-de-terras-raras-em-mg-sem-tecnologia-da-china\/\">dona do projeto, informou em fato relevante que as negocia\u00e7\u00f5es de seus valores mobili\u00e1rios<\/a>&nbsp;foram suspensas \u201caguardando a divulga\u00e7\u00e3o de um comunicado\u201d.<\/p>\n\n\n\n<p>A medida foi anunciada ap\u00f3s as a\u00e7\u00f5es da companhia acumularem queda superior a 30% nas \u00faltimas 24 horas.<\/p>\n\n\n\n<p>O empreendimento, localizado em Po\u00e7o de Caldas, tem atra\u00eddo grande interesse internacional e<a href=\"https:\/\/www.cnnbrasil.com.br\/economia\/macroeconomia\/canada-e-franca-se-unem-para-financiar-projeto-de-terras-raras-em-mg\/\">&nbsp;recebeu cartas de inten\u00e7\u00e3o de financiamento dos governos da Fran\u00e7a e do Canad\u00e1,<\/a>&nbsp;al\u00e9m de apoio financeiro do BNDES.<\/p>\n\n\n\n<p>A Viridis j\u00e1 havia anunciado a constru\u00e7\u00e3o de uma\u00a0<strong>planta-piloto<\/strong>\u00a0para pesquisa e processamento de terras raras no local. O MPF argumenta que a suspens\u00e3o \u00e9 necess\u00e1ria com base no princ\u00edpio da precau\u00e7\u00e3o, segundo o qual medidas preventivas devem ser adotadas. <\/p>\n\n\n\n<p>O MPF argumenta que a suspens\u00e3o \u00e9 necess\u00e1ria com base no princ\u00edpio da precau\u00e7\u00e3o, segundo o qual medidas preventivas devem ser adotadas<\/p>\n\n\n\n<p>diante de poss\u00edveis danos graves, especialmente em um cen\u00e1rio em que o conhecimento cient\u00edfico sobre os impactos da extra\u00e7\u00e3o de terras raras no Brasil ainda \u00e9 limitado.<\/p>\n\n\n\n<p>\u201cA medida busca a realiza\u00e7\u00e3o de estudos e consultas complementares que tratem dos riscos ambientais e sociais pendentes. Ambos s\u00e3o classificados como empreendimentos com o mais alto n\u00edvel de potencial poluidor, classe 6\u201d, afirma o MPF. Fonte CNN<\/p>\n\n\n\n<p><\/p>\n","protected":false},"excerpt":{"rendered":"<p>Projeto tem atra\u00eddo grande interesse internacional e recebeu cartas de inten\u00e7\u00e3o de financiamento dos governos da Fran\u00e7a e do Canad\u00e1; a\u00e7\u00f5es de empresa dona do projeto desabam O MPF (Minist\u00e9rio P\u00fablico Federal) enviou of\u00edcios \u00e0 Feam (Funda\u00e7\u00e3o Estadual do Meio Ambiente) e ao Copam (Conselho Estadual de Pol\u00edtica Ambiental) de [&hellip;]<\/p>\n","protected":false},"author":1,"featured_media":2912,"comment_status":"open","ping_status":"open","sticky":false,"template":"","format":"standard","meta":{"footnotes":""},"categories":[258],"tags":[467,468,465,466],"class_list":{"0":"post-2911","1":"post","2":"type-post","3":"status-publish","4":"format-standard","5":"has-post-thumbnail","7":"category-brasil","8":"tag-minas-gerais","9":"tag-mineradoras","10":"tag-ministerio-publico","11":"tag-terras-raras"},"_links":{"self":[{"href":"https:\/\/cristalvoxnews.com.br\/index.php?rest_route=\/wp\/v2\/posts\/2911","targetHints":{"allow":["GET"]}}],"collection":[{"href":"https:\/\/cristalvoxnews.com.br\/index.php?rest_route=\/wp\/v2\/posts"}],"about":[{"href":"https:\/\/cristalvoxnews.com.br\/index.php?rest_route=\/wp\/v2\/types\/post"}],"author":[{"embeddable":true,"href":"https:\/\/cristalvoxnews.com.br\/index.php?rest_route=\/wp\/v2\/users\/1"}],"replies":[{"embeddable":true,"href":"https:\/\/cristalvoxnews.com.br\/index.php?rest_route=%2Fwp%2Fv2%2Fcomments&post=2911"}],"version-history":[{"count":2,"href":"https:\/\/cristalvoxnews.com.br\/index.php?rest_route=\/wp\/v2\/posts\/2911\/revisions"}],"predecessor-version":[{"id":2914,"href":"https:\/\/cristalvoxnews.com.br\/index.php?rest_route=\/wp\/v2\/posts\/2911\/revisions\/2914"}],"wp:featuredmedia":[{"embeddable":true,"href":"https:\/\/cristalvoxnews.com.br\/index.php?rest_route=\/wp\/v2\/media\/2912"}],"wp:attachment":[{"href":"https:\/\/cristalvoxnews.com.br\/index.php?rest_route=%2Fwp%2Fv2%2Fmedia&parent=2911"}],"wp:term":[{"taxonomy":"category","embeddable":true,"href":"https:\/\/cristalvoxnews.com.br\/index.php?rest_route=%2Fwp%2Fv2%2Fcategories&post=2911"},{"taxonomy":"post_tag","embeddable":true,"href":"https:\/\/cristalvoxnews.com.br\/index.php?rest_route=%2Fwp%2Fv2%2Ftags&post=2911"}],"curies":[{"name":"wp","href":"https:\/\/api.w.org\/{rel}","templated":true}]}}