{"id":2900,"date":"2025-11-26T17:01:23","date_gmt":"2025-11-26T20:01:23","guid":{"rendered":"https:\/\/cristalvoxnews.com.br\/?p=2900"},"modified":"2025-11-26T18:09:13","modified_gmt":"2025-11-26T21:09:13","slug":"soldados-da-guine-bissau-afirmam-ter-tomado-o-poder-apos-relatos-da-prisao-do-presidente","status":"publish","type":"post","link":"https:\/\/cristalvoxnews.com.br\/?p=2900","title":{"rendered":"Soldados da Guin\u00e9-Bissau afirmam ter tomado o poder ap\u00f3s relatos da pris\u00e3o do presidente."},"content":{"rendered":"\n<p><\/p>\n\n\n\n<p>Um grupo de oficiais militares afirma ter assumido o controle da Guin\u00e9-Bissau em meio a relatos de que o presidente, Umaro Sissoco Embal\u00f3, foi preso.<\/p>\n\n\n\n<p>Pouco depois de serem ouvidos tiros na capital, Bissau, fontes do governo disseram \u00e0 BBC que Embal\u00f3 havia sido detido.<\/p>\n\n\n\n<p>Em seguida, oficiais militares apareceram na TV estatal, dizendo que haviam suspendido o processo eleitoral e que ficariam no comando at\u00e9 segunda ordem.<\/p>\n\n\n\n<p>A na\u00e7\u00e3o da \u00c1frica Ocidental aguardava o resultado da elei\u00e7\u00e3o presidencial de domingo, na qual o principal candidato da oposi\u00e7\u00e3o foi desqualificado.<\/p>\n\n\n\n<p>Os resultados eram esperados para quinta-feira &#8211; tanto Embal\u00f3 quanto seu principal rival, Fernando Dias, reivindicaram a vit\u00f3ria.<\/p>\n\n\n\n<p>No final da tarde de quarta-feira, Embal\u00f3 disse \u00e0 France 24 por telefone: &#8220;Fui deposto&#8221;.<\/p>\n\n\n\n<p>Testemunhas em Bissau ouviram disparos no in\u00edcio da manh\u00e3, por volta das 13h GMT, mas n\u00e3o ficou imediatamente claro quem estava envolvido no tiroteio ou se houve v\u00edtimas.<\/p>\n\n\n\n<p>Centenas de pessoas a p\u00e9 e em ve\u00edculos fugiram em busca de abrigo enquanto os tiros eram disparados, informou a ag\u00eancia de not\u00edcias AFP.<\/p>\n\n\n\n<p>Mais tarde, o General Denis N&#8217;Canha, chefe da casa militar no pal\u00e1cio presidencial, leu uma declara\u00e7\u00e3o anunciando a tomada do poder.<\/p>\n\n\n\n<p>Ele disse que os oficiais formaram &#8220;o Alto Comando Militar para o Restabelecimento da Ordem&#8221; e fecharam a fronteira.<\/p>\n\n\n\n<p>O general N&#8217;Canha instruiu a popula\u00e7\u00e3o a &#8220;manter a calma&#8221;.<\/p>\n\n\n\n<p>Al\u00e9m de Embal\u00f3, membros do gabinete militar do presidente e v\u00e1rios ministros tamb\u00e9m teriam sido presos.<\/p>\n\n\n\n<p>A Guin\u00e9-Bissau, um dos pa\u00edses mais pobres do mundo, sofreu nove golpes de Estado ou tentativas de golpe desde que conquistou a independ\u00eancia de Portugal em 1974.<\/p>\n\n\n\n<p>Embal\u00f3 afirmou ter sobrevivido a v\u00e1rias tentativas de golpe durante seu mandato. No entanto, seus cr\u00edticos alegam que ele fabricou crises para reprimir a dissid\u00eancia.<\/p>\n\n\n\n<p>A Guin\u00e9-Bissau tem uma popula\u00e7\u00e3o de pouco menos de dois milh\u00f5es de pessoas e foi considerada um &#8220;narcoestado&#8221; pela ONU, devido ao seu papel como ponto de tr\u00e2nsito fundamental no tr\u00e1fico de coca\u00edna da Am\u00e9rica Latina para a Europa.  Fonte BBC<\/p>\n\n\n\n<p><\/p>\n\n\n\n<p><\/p>\n\n\n\n<p>Al\u00e9m de Embal\u00f3, membros do gabinete militar do presidente e v\u00e1rios ministros tamb\u00e9m teriam sido presos.<\/p>\n\n\n\n<p>A Guin\u00e9-Bissau, um dos pa\u00edses mais pobres do mundo, sofreu nove golpes de Estado ou tentativas de golpe desde que conquistou a independ\u00eancia de Portugal em 1974.<\/p>\n\n\n\n<p>Embal\u00f3 afirmou ter sobrevivido a v\u00e1rias tentativas de golpe durante seu mandato. No entanto, seus cr\u00edticos alegam que ele fabricou crises para reprimir a dissid\u00eancia.<\/p>\n\n\n\n<p>A Guin\u00e9-Bissau tem uma popula\u00e7\u00e3o de pouco menos de dois milh\u00f5es de pessoas e foi considerada um &#8220;narcoestado&#8221; pela ONU, devido ao seu papel como ponto de tr\u00e2nsito fundamental no tr\u00e1fico de coca\u00edna da Am\u00e9rica Latina para a Europa.<\/p>\n","protected":false},"excerpt":{"rendered":"<p>Um grupo de oficiais militares afirma ter assumido o controle da Guin\u00e9-Bissau em meio a relatos de que o presidente, Umaro Sissoco Embal\u00f3, foi preso. Pouco depois de serem ouvidos tiros na capital, Bissau, fontes do governo disseram \u00e0 BBC que Embal\u00f3 havia sido detido. Em seguida, oficiais militares apareceram [&hellip;]<\/p>\n","protected":false},"author":1,"featured_media":2902,"comment_status":"open","ping_status":"open","sticky":false,"template":"","format":"standard","meta":{"footnotes":""},"categories":[257],"tags":[462],"class_list":{"0":"post-2900","1":"post","2":"type-post","3":"status-publish","4":"format-standard","5":"has-post-thumbnail","7":"category-mundo","8":"tag-guine-bissau-golpe-militar-presidente-deposto"},"_links":{"self":[{"href":"https:\/\/cristalvoxnews.com.br\/index.php?rest_route=\/wp\/v2\/posts\/2900","targetHints":{"allow":["GET"]}}],"collection":[{"href":"https:\/\/cristalvoxnews.com.br\/index.php?rest_route=\/wp\/v2\/posts"}],"about":[{"href":"https:\/\/cristalvoxnews.com.br\/index.php?rest_route=\/wp\/v2\/types\/post"}],"author":[{"embeddable":true,"href":"https:\/\/cristalvoxnews.com.br\/index.php?rest_route=\/wp\/v2\/users\/1"}],"replies":[{"embeddable":true,"href":"https:\/\/cristalvoxnews.com.br\/index.php?rest_route=%2Fwp%2Fv2%2Fcomments&post=2900"}],"version-history":[{"count":1,"href":"https:\/\/cristalvoxnews.com.br\/index.php?rest_route=\/wp\/v2\/posts\/2900\/revisions"}],"predecessor-version":[{"id":2903,"href":"https:\/\/cristalvoxnews.com.br\/index.php?rest_route=\/wp\/v2\/posts\/2900\/revisions\/2903"}],"wp:featuredmedia":[{"embeddable":true,"href":"https:\/\/cristalvoxnews.com.br\/index.php?rest_route=\/wp\/v2\/media\/2902"}],"wp:attachment":[{"href":"https:\/\/cristalvoxnews.com.br\/index.php?rest_route=%2Fwp%2Fv2%2Fmedia&parent=2900"}],"wp:term":[{"taxonomy":"category","embeddable":true,"href":"https:\/\/cristalvoxnews.com.br\/index.php?rest_route=%2Fwp%2Fv2%2Fcategories&post=2900"},{"taxonomy":"post_tag","embeddable":true,"href":"https:\/\/cristalvoxnews.com.br\/index.php?rest_route=%2Fwp%2Fv2%2Ftags&post=2900"}],"curies":[{"name":"wp","href":"https:\/\/api.w.org\/{rel}","templated":true}]}}