{"id":2852,"date":"2025-11-24T12:28:38","date_gmt":"2025-11-24T15:28:38","guid":{"rendered":"http:\/\/cristalvox.imprensa.ws\/?p=2852"},"modified":"2025-11-26T16:48:22","modified_gmt":"2025-11-26T19:48:22","slug":"lula-assina-acordos-de-cooperacao-entre-brasil-e-mocambique","status":"publish","type":"post","link":"https:\/\/cristalvoxnews.com.br\/?p=2852","title":{"rendered":"Lula assina acordos de coopera\u00e7\u00e3o entre Brasil e Mo\u00e7ambique"},"content":{"rendered":"\n<p>O\u00a0<a href=\"https:\/\/www.estadao.com.br\/tudo-sobre\/lula-luiz-inacio-lula-da-silva\/?srsltid=AfmBOoqD41T914UX0GSs6EfZp-39m-TWzW_7J0zIYIiJIo_mHr_NIBiR\" target=\"_blank\" rel=\"noreferrer noopener\"><strong>presidente Luiz In\u00e1cio Lula da Silva (PT)<\/strong><\/a>\u00a0assinou nesta segunda-feira, 24, acordos de coopera\u00e7\u00e3o entre o Brasil e Mo\u00e7ambique nas \u00e1reas de com\u00e9rcio, avia\u00e7\u00e3o, socioecon\u00f4mica, sa\u00fade e capacita\u00e7\u00e3o diplom\u00e1tica.<\/p>\n\n\n\n<p>Ao lado do presidente de Mo\u00e7ambique, Daniel Chapo, o Lula defendeu novamente que o Banco Nacional de Desenvolvimento Econ\u00f4mico e Social (BNDES) volte a financiar projetos no exterior de empresas brasileiras.<\/p>\n\n\n\n<p>\u201cNenhum grande pa\u00eds consegue exportar servi\u00e7os sem oferecer op\u00e7\u00f5es de cr\u00e9dito. Estamos trabalhando para o BNDES recuperar a capacidade de financiar a internacionaliza\u00e7\u00e3o das empresas brasileiras. O fluxo de com\u00e9rcio que o Brasil mant\u00e9m com Mo\u00e7ambique \u00e9 muito menor do que com outros pa\u00edses de l\u00edngua portuguesa. Isso \u00e9 injustific\u00e1vel entre dois mercados t\u00e3o familiares\u201d, disse Lula, durante evento para assinatura de acordos de coopera\u00e7\u00e3o entre o Brasil e Mo\u00e7ambique.  &#8211; Conte\u00fado Estad\u00e3o<\/p>\n","protected":false},"excerpt":{"rendered":"<p>O\u00a0presidente Luiz In\u00e1cio Lula da Silva (PT)\u00a0assinou nesta segunda-feira, 24, acordos de coopera\u00e7\u00e3o entre o Brasil e Mo\u00e7ambique nas \u00e1reas de com\u00e9rcio, avia\u00e7\u00e3o, socioecon\u00f4mica, sa\u00fade e capacita\u00e7\u00e3o diplom\u00e1tica. Ao lado do presidente de Mo\u00e7ambique, Daniel Chapo, o Lula defendeu novamente que o Banco Nacional de Desenvolvimento Econ\u00f4mico e Social (BNDES) [&hellip;]<\/p>\n","protected":false},"author":1,"featured_media":2858,"comment_status":"open","ping_status":"open","sticky":false,"template":"","format":"standard","meta":{"footnotes":""},"categories":[257],"tags":[443,306,442],"class_list":{"0":"post-2852","1":"post","2":"type-post","3":"status-publish","4":"format-standard","5":"has-post-thumbnail","7":"category-mundo","8":"tag-acordos","9":"tag-lula","10":"tag-mocambique"},"_links":{"self":[{"href":"https:\/\/cristalvoxnews.com.br\/index.php?rest_route=\/wp\/v2\/posts\/2852","targetHints":{"allow":["GET"]}}],"collection":[{"href":"https:\/\/cristalvoxnews.com.br\/index.php?rest_route=\/wp\/v2\/posts"}],"about":[{"href":"https:\/\/cristalvoxnews.com.br\/index.php?rest_route=\/wp\/v2\/types\/post"}],"author":[{"embeddable":true,"href":"https:\/\/cristalvoxnews.com.br\/index.php?rest_route=\/wp\/v2\/users\/1"}],"replies":[{"embeddable":true,"href":"https:\/\/cristalvoxnews.com.br\/index.php?rest_route=%2Fwp%2Fv2%2Fcomments&post=2852"}],"version-history":[{"count":1,"href":"https:\/\/cristalvoxnews.com.br\/index.php?rest_route=\/wp\/v2\/posts\/2852\/revisions"}],"predecessor-version":[{"id":2854,"href":"https:\/\/cristalvoxnews.com.br\/index.php?rest_route=\/wp\/v2\/posts\/2852\/revisions\/2854"}],"wp:featuredmedia":[{"embeddable":true,"href":"https:\/\/cristalvoxnews.com.br\/index.php?rest_route=\/wp\/v2\/media\/2858"}],"wp:attachment":[{"href":"https:\/\/cristalvoxnews.com.br\/index.php?rest_route=%2Fwp%2Fv2%2Fmedia&parent=2852"}],"wp:term":[{"taxonomy":"category","embeddable":true,"href":"https:\/\/cristalvoxnews.com.br\/index.php?rest_route=%2Fwp%2Fv2%2Fcategories&post=2852"},{"taxonomy":"post_tag","embeddable":true,"href":"https:\/\/cristalvoxnews.com.br\/index.php?rest_route=%2Fwp%2Fv2%2Ftags&post=2852"}],"curies":[{"name":"wp","href":"https:\/\/api.w.org\/{rel}","templated":true}]}}