{"id":2840,"date":"2025-11-24T11:59:39","date_gmt":"2025-11-24T14:59:39","guid":{"rendered":"http:\/\/cristalvox.imprensa.ws\/?p=2840"},"modified":"2025-11-24T15:22:04","modified_gmt":"2025-11-24T18:22:04","slug":"2840","status":"publish","type":"post","link":"https:\/\/cristalvoxnews.com.br\/?p=2840","title":{"rendered":"COP 30 chega ao fim sem dar solu\u00e7\u00e3o para a queima de combust\u00edveis f\u00f3sseis e o desmatamento"},"content":{"rendered":"\n<p><strong>A COP 30 chegou ao fim na noite de s\u00e1bado com uma s\u00e9rie de textos importantes aprovados, mas sem avan\u00e7ar em solu\u00e7\u00f5es para as duas principais causas do aquecimento global: a queima de combust\u00edveis f\u00f3sseis e o desmatamento.<\/strong><\/p>\n\n\n\n<p>A declara\u00e7\u00e3o principal da confer\u00eancia, chamada de Decis\u00e3o Mutir\u00e3o, n\u00e3o menciona os combust\u00edveis f\u00f3sseis em nenhum momento, nem mesmo no sentido de reafirmar um compromisso que j\u00e1 havia sido acordado dois anos atr\u00e1s, de que \u00e9 necess\u00e1rio \u201ctransitar para longe\u201d dessas fontes poluentes de energia.<\/p>\n\n\n\n<p>O tema n\u00e3o estava na agenda oficial da confer\u00eancia, mas havia uma forte press\u00e3o pol\u00edtica por parte do Brasil, da Col\u00f4mbia e outros pa\u00edses, para que a COP apresentasse um \u201cmapa do caminho\u201d para a elimina\u00e7\u00e3o gradual do uso desses combust\u00edveis e do desmatamento em escala global. Ainda assim, n\u00e3o foi poss\u00edvel chegar a um consenso para incluir esses planos de a\u00e7\u00e3o na declara\u00e7\u00e3o final da confer\u00eancia.<\/p>\n\n\n\n<p>A solu\u00e7\u00e3o encontrada pela presid\u00eancia brasileira da COP foi anunciar a cria\u00e7\u00e3o de uma iniciativa paralela, em que um grupo de pa\u00edses discutir\u00e1 a constru\u00e7\u00e3o desses mapas fora do \u00e2mbito das Na\u00e7\u00f5es Unidas, a come\u00e7ar por uma nova confer\u00eancia, espec\u00edfica sobre isso, a ser realizada na Col\u00f4mbia em abril do ano que vem. A ministra do Meio Ambiente e Mudan\u00e7a do Clima do Brasil, Marina Silva, reconheceu as limita\u00e7\u00f5es do que foi acordado, mas disse que foram obtidos avan\u00e7os, ainda que modestos.<\/p>\n\n\n\n<p>\u201cSe pud\u00e9ssemos voltar ao tempo e conversar com n\u00f3s mesmos na Rio 92, o que aquelas vers\u00f5es de n\u00f3s nos diriam ao olhar para os resultados de hoje; certamente, nos diriam, antes de tudo, que sonh\u00e1vamos com muito mais resultados, que esper\u00e1vamos que a virada ambiental seria mais r\u00e1pida; que a ci\u00eancia seria suficiente para mover decis\u00f5es, que a urg\u00eancia falaria mais alto que qualquer outro interesse. Em que pese ainda n\u00e3o ter sido poss\u00edvel consenso, para que esse fundamental chamado entrasse entre as decis\u00f5es dessa COP, tenho certeza que o apoio que recebeu de muitas partes e da sociedade fortalece a compromisso da atual presid\u00eancia de se dedicar para elaborar dois mapas do caminho: um sobre deter e reverter o desmatamento; outro sobre a transi\u00e7\u00e3o para longe dos CF de maneira justa ordenada e equitativa. Ambos ser\u00e3o guiados pela ci\u00eancia e ser\u00e3o inclusivos\u201d.<\/p>\n\n\n\n<h2 class=\"wp-block-heading\">Decis\u00e3o Mutir\u00e3o<\/h2>\n\n\n\n<p>A chamada Decis\u00e3o Mutir\u00e3o reafirma a compromisso dos pa\u00edses com o Acordo de Paris e com a meta de manter o aquecimento do planeta abaixo de 1 grau e meio, mas oferece muito pouco em termos de a\u00e7\u00f5es pr\u00e1ticas para alcan\u00e7ar esses objetivos.&nbsp;A superintendente de gest\u00e3o ambiental da USP, Patr\u00edcia Iglecias, lamentou o fato de os combust\u00edveis f\u00f3sseis terem sido exclu\u00eddos do texto final, j\u00e1 que s\u00e3o eles os respons\u00e1veis por 80% das emiss\u00f5es de gases do efeito estufa, que est\u00e3o superaquecendo o planeta. \u201cBem, Herton, eu acho que n\u00e3o tem como negar que o resultado foi decepcionante. N\u00f3s esper\u00e1vamos ter uma previs\u00e3o de um mapa, de um caminho para a transi\u00e7\u00e3o energ\u00e9tica, para a elimina\u00e7\u00e3o dos combust\u00edveis f\u00f3sseis, isso de fato n\u00e3o aconteceu. E agora fica esse questionamento por parte dos cientistas da forma\u00e7\u00e3o de um painel cient\u00edfico que possa discutir qual seria esse encaminhamento\u201d.<\/p>\n\n\n\n<p>Na avalia\u00e7\u00e3o do professor Paulo Artaxo, do Instituto de F\u00edsica da USP, os interesses econ\u00f4micos e geopol\u00edticos, associados \u00e0 ind\u00fastria do petr\u00f3leo, acabaram levando a melhor na confer\u00eancia. \u201cObservou-se nessa COP30 que o lobby da ind\u00fastria do petr\u00f3leo acabou vencendo o interesse dos 7,7 bilh\u00f5es de pessoas em nosso planeta que v\u00e3o sofrer impacto significativo das mudan\u00e7as clim\u00e1ticas. Mas, apesar disso, esta COP foi muito intensa em discutir a ci\u00eancia, a sociedade civil teve uma participa\u00e7\u00e3o que eu n\u00e3o vi em nenhuma das \u00faltimas oito ou nove COPs anteriores. Portanto, eu acho que a COP mostrou um vigor importante da comunidade cient\u00edfica, sugerindo solu\u00e7\u00f5es para a quest\u00e3o clim\u00e1tica, a sociedade civil fazendo o mesmo trabalho, e a quest\u00e3o das comunidades ind\u00edgenas tamb\u00e9m contribu\u00edram para esse debate. Desses pontos de vista, a COP trabalhou muito bem\u201d.<\/p>\n\n\n\n<p>Artaxo faz parte de um grupo de cientistas que foi organizado para aconselhar a presid\u00eancia da COP nas discuss\u00f5es da confer\u00eancia. Segundo ele, os pesquisadores continuar\u00e3o a trabalhar com a lideran\u00e7a brasileira na constru\u00e7\u00e3o de um mapa do caminho para libertar o planeta da depend\u00eancia dos combust\u00edveis f\u00f3sseis e do desmatamento, com apoio da Academia Brasileira de Ci\u00eancias e da Sociedade Brasileira para o Progresso da Ci\u00eancia.<\/p>\n\n\n\n<p>Fonte: Jornal da USP &#8211; Herton Escobar, enviado especial do\u00a0<strong>Jornal da USP<\/strong>\u00a0a Bel\u00e9m (PA)<\/p>\n\n\n\n<p><\/p>\n","protected":false},"excerpt":{"rendered":"<p>A COP 30 chegou ao fim na noite de s\u00e1bado com uma s\u00e9rie de textos importantes aprovados, mas sem avan\u00e7ar em solu\u00e7\u00f5es para as duas principais causas do aquecimento global: a queima de combust\u00edveis f\u00f3sseis e o desmatamento. A declara\u00e7\u00e3o principal da confer\u00eancia, chamada de Decis\u00e3o Mutir\u00e3o, n\u00e3o menciona os [&hellip;]<\/p>\n","protected":false},"author":1,"featured_media":2863,"comment_status":"open","ping_status":"open","sticky":false,"template":"","format":"standard","meta":{"footnotes":""},"categories":[261],"tags":[292,402,433,397],"class_list":{"0":"post-2840","1":"post","2":"type-post","3":"status-publish","4":"format-standard","5":"has-post-thumbnail","7":"category-meio-ambiente","8":"tag-cop-30","9":"tag-jornal-da-usp","10":"tag-meio-ambiente","11":"tag-usp"},"_links":{"self":[{"href":"https:\/\/cristalvoxnews.com.br\/index.php?rest_route=\/wp\/v2\/posts\/2840","targetHints":{"allow":["GET"]}}],"collection":[{"href":"https:\/\/cristalvoxnews.com.br\/index.php?rest_route=\/wp\/v2\/posts"}],"about":[{"href":"https:\/\/cristalvoxnews.com.br\/index.php?rest_route=\/wp\/v2\/types\/post"}],"author":[{"embeddable":true,"href":"https:\/\/cristalvoxnews.com.br\/index.php?rest_route=\/wp\/v2\/users\/1"}],"replies":[{"embeddable":true,"href":"https:\/\/cristalvoxnews.com.br\/index.php?rest_route=%2Fwp%2Fv2%2Fcomments&post=2840"}],"version-history":[{"count":3,"href":"https:\/\/cristalvoxnews.com.br\/index.php?rest_route=\/wp\/v2\/posts\/2840\/revisions"}],"predecessor-version":[{"id":2843,"href":"https:\/\/cristalvoxnews.com.br\/index.php?rest_route=\/wp\/v2\/posts\/2840\/revisions\/2843"}],"wp:featuredmedia":[{"embeddable":true,"href":"https:\/\/cristalvoxnews.com.br\/index.php?rest_route=\/wp\/v2\/media\/2863"}],"wp:attachment":[{"href":"https:\/\/cristalvoxnews.com.br\/index.php?rest_route=%2Fwp%2Fv2%2Fmedia&parent=2840"}],"wp:term":[{"taxonomy":"category","embeddable":true,"href":"https:\/\/cristalvoxnews.com.br\/index.php?rest_route=%2Fwp%2Fv2%2Fcategories&post=2840"},{"taxonomy":"post_tag","embeddable":true,"href":"https:\/\/cristalvoxnews.com.br\/index.php?rest_route=%2Fwp%2Fv2%2Ftags&post=2840"}],"curies":[{"name":"wp","href":"https:\/\/api.w.org\/{rel}","templated":true}]}}