{"id":2831,"date":"2025-11-23T20:17:55","date_gmt":"2025-11-23T23:17:55","guid":{"rendered":"http:\/\/cristalvox.imprensa.ws\/?p=2831"},"modified":"2025-11-24T11:52:22","modified_gmt":"2025-11-24T14:52:22","slug":"bolsonaro-na-audiencia-de-custodia-bolsonaro-alega-ter-ouvido-vozes-vindas-da-tornozeleira","status":"publish","type":"post","link":"https:\/\/cristalvoxnews.com.br\/?p=2831","title":{"rendered":"Bolsonaro: Na audi\u00eancia de custodia Bolsonaro alega ter ouvido \u201cvozes\u201d vindas da tornozeleira"},"content":{"rendered":"\n<p><strong>Aliados de Jair Bolsonaro (PL) afirmam que ele estava em \u201csurto\u201d quando usou um ferro de solda para tentar quebrar a tornozeleira eletr\u00f4nica. Pessoas pr\u00f3ximas \u00e0 fam\u00edlia dizem que o ex-presidente acreditava estar ouvindo vozes vindas do aparelho.<\/strong><\/p>\n\n\n\n<p>A hist\u00f3ria ganhou for\u00e7a logo ap\u00f3s vir \u00e0 tona um v\u00eddeo em que Bolsonaro confessa ter \u201cencostado o ferro\u201d na tornozeleira. Anteriormente, alguns aliados negaram publicamente a viola\u00e7\u00e3o, citada pelo ministro do Supremo Tribunal Federal (STF) Alexandre Moraes para decretar a pris\u00e3o do ex-chefe de estado.<\/p>\n\n\n\n<p>\u00c0 \u201cFolha de S.Paulo\u201d, Renato Bolsonaro (PL), irm\u00e3o de Jair, comparou a narrativa a um conto infantil. J\u00e1 o deputado S\u00f3stenes Cavalcante (PL-RJ), l\u00edder do partido na C\u00e2mara, afirmou ao \u201cEstad\u00e3o\u201d que o epis\u00f3dio mostra que o ex-presidente est\u00e1 emocionalmente inst\u00e1vel,&nbsp;\u201c<em>totalmente alterado<\/em>\u201c.<\/p>\n\n\n\n<p>Na audi\u00eancia de cust\u00f3dia, Bolsonaro atribuiu as supostas alucina\u00e7\u00f5es a um medicamento que num intervalo de 03 a 04 dias.<\/p>\n\n\n\n<p>O Cristalvox conversou com pessoas pr\u00f3ximas ao ex-presidente e indagou a vers\u00e3o era verdadeira ou n\u00e3o passava de uma narrativa mal preparada como muitas j\u00e1 utilizadas durante o per\u00edodo em que figurou como acusado de chefiar o \u201cgolpe\u201d. A resposta foi direta: Tem mais gente no entorno que \u00e9 dominada por alucina\u00e7\u00f5es desde 2018. A mesma fonte confirmou que no entorno de Bolsonaro o uso de &#8220;<strong>tarja preta<\/strong>&#8221; \u00e9 comum.<\/p>\n\n\n\n<p>Gustavo Bebiano, \u201cchutado\u201d do governo em 2109, por impedir a montagem da ABIM paralela, revelou no programa Roda Viva da TV Cultura que Carlos Bolsonaro, mesmo medicado, tinha alucina\u00e7\u00f5es e batia com a cabe\u00e7a na parede, quando contrariado.<\/p>\n\n\n\n<p><\/p>\n","protected":false},"excerpt":{"rendered":"<p>Aliados de Jair Bolsonaro (PL) afirmam que ele estava em \u201csurto\u201d quando usou um ferro de solda para tentar quebrar a tornozeleira eletr\u00f4nica. Pessoas pr\u00f3ximas \u00e0 fam\u00edlia dizem que o ex-presidente acreditava estar ouvindo vozes vindas do aparelho. A hist\u00f3ria ganhou for\u00e7a logo ap\u00f3s vir \u00e0 tona um v\u00eddeo em [&hellip;]<\/p>\n","protected":false},"author":1,"featured_media":2834,"comment_status":"open","ping_status":"open","sticky":false,"template":"","format":"standard","meta":{"footnotes":""},"categories":[260],"tags":[318,431,432],"class_list":{"0":"post-2831","1":"post","2":"type-post","3":"status-publish","4":"format-standard","5":"has-post-thumbnail","7":"category-justica","8":"tag-bolsonaro","9":"tag-tornozeleira","10":"tag-vozes-do-alem"},"_links":{"self":[{"href":"https:\/\/cristalvoxnews.com.br\/index.php?rest_route=\/wp\/v2\/posts\/2831","targetHints":{"allow":["GET"]}}],"collection":[{"href":"https:\/\/cristalvoxnews.com.br\/index.php?rest_route=\/wp\/v2\/posts"}],"about":[{"href":"https:\/\/cristalvoxnews.com.br\/index.php?rest_route=\/wp\/v2\/types\/post"}],"author":[{"embeddable":true,"href":"https:\/\/cristalvoxnews.com.br\/index.php?rest_route=\/wp\/v2\/users\/1"}],"replies":[{"embeddable":true,"href":"https:\/\/cristalvoxnews.com.br\/index.php?rest_route=%2Fwp%2Fv2%2Fcomments&post=2831"}],"version-history":[{"count":1,"href":"https:\/\/cristalvoxnews.com.br\/index.php?rest_route=\/wp\/v2\/posts\/2831\/revisions"}],"predecessor-version":[{"id":2832,"href":"https:\/\/cristalvoxnews.com.br\/index.php?rest_route=\/wp\/v2\/posts\/2831\/revisions\/2832"}],"wp:featuredmedia":[{"embeddable":true,"href":"https:\/\/cristalvoxnews.com.br\/index.php?rest_route=\/wp\/v2\/media\/2834"}],"wp:attachment":[{"href":"https:\/\/cristalvoxnews.com.br\/index.php?rest_route=%2Fwp%2Fv2%2Fmedia&parent=2831"}],"wp:term":[{"taxonomy":"category","embeddable":true,"href":"https:\/\/cristalvoxnews.com.br\/index.php?rest_route=%2Fwp%2Fv2%2Fcategories&post=2831"},{"taxonomy":"post_tag","embeddable":true,"href":"https:\/\/cristalvoxnews.com.br\/index.php?rest_route=%2Fwp%2Fv2%2Ftags&post=2831"}],"curies":[{"name":"wp","href":"https:\/\/api.w.org\/{rel}","templated":true}]}}