{"id":2818,"date":"2025-11-23T19:27:01","date_gmt":"2025-11-23T22:27:01","guid":{"rendered":"http:\/\/cristalvox.imprensa.ws\/?p=2818"},"modified":"2025-11-24T11:25:07","modified_gmt":"2025-11-24T14:25:07","slug":"david-cameron-ex-primeiro-ministro-britanico-anuncia-que-esta-com-cancer-de-prostata-diz-jornal","status":"publish","type":"post","link":"https:\/\/cristalvoxnews.com.br\/?p=2818","title":{"rendered":"David Cameron, ex-primeiro-ministro brit\u00e2nico, anuncia que est\u00e1 com c\u00e2ncer de pr\u00f3stata, diz jornal"},"content":{"rendered":"\n<p><strong>Ele est\u00e1 entre os pol\u00edticos que pressionam o governo ingl\u00eas a implementar testes para detectar casos mais cedo, quando o tratamento tende a ser mais eficaz.<\/strong><\/p>\n\n\n\n<p>O ex-primeiro-ministro brit\u00e2nico David Cameron disse neste domingo (23) que foi diagnosticado com c\u00e2ncer de pr\u00f3stata, informou o jornal The Guardian.<\/p>\n\n\n\n<p>Ele est\u00e1 entre os pol\u00edticos que pressionam o governo ingl\u00eas a adotar algum tipo de teste para detectar casos mais cedo, quando o tratamento tende a ser mais eficaz.<\/p>\n\n\n\n<p>Ao revelar seu diagn\u00f3stico pela primeira vez em entrevista ao The Times, Cameron disse: \u201cQuero, por assim dizer, tornar isso p\u00fablico. Quero acrescentar meu nome \u00e0 longa lista de pessoas que pedem um programa de rastreamento direcionado.\u201d<\/p>\n\n\n\n<p>\u201cEu n\u00e3o gosto particularmente de discutir quest\u00f5es \u00edntimas da minha sa\u00fade pessoal, mas sinto que devo faz\u00ea-lo\u201d, acrescentou. Fonte The Time UK e G1<\/p>\n","protected":false},"excerpt":{"rendered":"<p>Ele est\u00e1 entre os pol\u00edticos que pressionam o governo ingl\u00eas a implementar testes para detectar casos mais cedo, quando o tratamento tende a ser mais eficaz. O ex-primeiro-ministro brit\u00e2nico David Cameron disse neste domingo (23) que foi diagnosticado com c\u00e2ncer de pr\u00f3stata, informou o jornal The Guardian. Ele est\u00e1 entre [&hellip;]<\/p>\n","protected":false},"author":1,"featured_media":2838,"comment_status":"open","ping_status":"open","sticky":false,"template":"","format":"standard","meta":{"footnotes":""},"categories":[257],"tags":[395,420,421,422],"class_list":{"0":"post-2818","1":"post","2":"type-post","3":"status-publish","4":"format-standard","5":"has-post-thumbnail","7":"category-mundo","8":"tag-cancer","9":"tag-david-cameron","10":"tag-ex-ministro-uk","11":"tag-prostota"},"_links":{"self":[{"href":"https:\/\/cristalvoxnews.com.br\/index.php?rest_route=\/wp\/v2\/posts\/2818","targetHints":{"allow":["GET"]}}],"collection":[{"href":"https:\/\/cristalvoxnews.com.br\/index.php?rest_route=\/wp\/v2\/posts"}],"about":[{"href":"https:\/\/cristalvoxnews.com.br\/index.php?rest_route=\/wp\/v2\/types\/post"}],"author":[{"embeddable":true,"href":"https:\/\/cristalvoxnews.com.br\/index.php?rest_route=\/wp\/v2\/users\/1"}],"replies":[{"embeddable":true,"href":"https:\/\/cristalvoxnews.com.br\/index.php?rest_route=%2Fwp%2Fv2%2Fcomments&post=2818"}],"version-history":[{"count":1,"href":"https:\/\/cristalvoxnews.com.br\/index.php?rest_route=\/wp\/v2\/posts\/2818\/revisions"}],"predecessor-version":[{"id":2819,"href":"https:\/\/cristalvoxnews.com.br\/index.php?rest_route=\/wp\/v2\/posts\/2818\/revisions\/2819"}],"wp:featuredmedia":[{"embeddable":true,"href":"https:\/\/cristalvoxnews.com.br\/index.php?rest_route=\/wp\/v2\/media\/2838"}],"wp:attachment":[{"href":"https:\/\/cristalvoxnews.com.br\/index.php?rest_route=%2Fwp%2Fv2%2Fmedia&parent=2818"}],"wp:term":[{"taxonomy":"category","embeddable":true,"href":"https:\/\/cristalvoxnews.com.br\/index.php?rest_route=%2Fwp%2Fv2%2Fcategories&post=2818"},{"taxonomy":"post_tag","embeddable":true,"href":"https:\/\/cristalvoxnews.com.br\/index.php?rest_route=%2Fwp%2Fv2%2Ftags&post=2818"}],"curies":[{"name":"wp","href":"https:\/\/api.w.org\/{rel}","templated":true}]}}